{"id":370,"date":"2023-11-13T19:48:00","date_gmt":"2023-11-13T19:48:00","guid":{"rendered":"https:\/\/documenta.org.mx\/somos-comunidad\/?p=370"},"modified":"2024-11-13T20:52:25","modified_gmt":"2024-11-13T20:52:25","slug":"la-importancia-de-ocupar-los-espacios","status":"publish","type":"post","link":"https:\/\/www.documenta.org.mx\/somos-comunidad\/cambiemos-narrativas\/2023\/la-importancia-de-ocupar-los-espacios\/","title":{"rendered":"La importancia de ocupar los espacios"},"content":{"rendered":"\n<div class=\"wp-block-columns alignfull is-layout-flex wp-container-core-columns-is-layout-88098167 wp-block-columns-is-layout-flex\" style=\"padding-right:var(--wp--preset--spacing--30);padding-left:var(--wp--preset--spacing--30)\">\n<div class=\"wp-block-column is-layout-flow wp-block-column-is-layout-flow\" style=\"flex-basis:65%\">\n<figure class=\"wp-block-image size-large has-lightbox has-lightbox\"><img loading=\"lazy\" decoding=\"async\" width=\"1024\" height=\"791\" src=\"http:\/\/documenta.org.mx\/somos-comunidad\/wp-content\/uploads\/2024\/11\/infografia-importancia-ocupar-espacios-1024x791.jpg\" alt=\"Infograf\u00eda: La importancia de ocupar los espacios\" class=\"wp-image-381\" srcset=\"https:\/\/www.documenta.org.mx\/somos-comunidad\/wp-content\/uploads\/2024\/11\/infografia-importancia-ocupar-espacios-1024x791.jpg 1024w, https:\/\/www.documenta.org.mx\/somos-comunidad\/wp-content\/uploads\/2024\/11\/infografia-importancia-ocupar-espacios-300x232.jpg 300w, https:\/\/www.documenta.org.mx\/somos-comunidad\/wp-content\/uploads\/2024\/11\/infografia-importancia-ocupar-espacios-768x593.jpg 768w, https:\/\/www.documenta.org.mx\/somos-comunidad\/wp-content\/uploads\/2024\/11\/infografia-importancia-ocupar-espacios-1536x1187.jpg 1536w, https:\/\/www.documenta.org.mx\/somos-comunidad\/wp-content\/uploads\/2024\/11\/infografia-importancia-ocupar-espacios-1568x1211.jpg 1568w, https:\/\/www.documenta.org.mx\/somos-comunidad\/wp-content\/uploads\/2024\/11\/infografia-importancia-ocupar-espacios.jpg 2000w\" sizes=\"auto, (max-width: 1024px) 100vw, 1024px\" \/><\/figure>\n<\/div>\n\n\n\n<div class=\"wp-block-column is-layout-flow wp-block-column-is-layout-flow\">\n<div class=\"wp-block-coblocks-accordion\">\n<div class=\"wp-block-coblocks-accordion-item\" style=\"font-size:22px\"><details open><summary class=\"wp-block-coblocks-accordion-item__title has-background has-color-1-background-color has-text-color has-blanco-color\"><strong>Ver la infograf\u00eda en texto<\/strong><\/summary><div class=\"wp-block-coblocks-accordion-item__content\" style=\"border-color:#e01e9e\">\n<p>En el Monitoreo de Medios de 2023 hubo m\u00e1s notas analizadas donde los medios de comunicaci\u00f3n realizaron una cobertura de eventos relacionados con temas de discapacidad, entre ellos:<\/p>\n\n\n\n<ul class=\"wp-block-list\">\n<li>D\u00eda Nacional de las Mujeres con Discapacidad<\/li>\n\n\n\n<li>D\u00eda Mundial de las Personas de Talla Baja<\/li>\n\n\n\n<li>Encuentro Nacional de Mujeres Futbolistas Ciegas en Puebla<\/li>\n\n\n\n<li>Mundial de Gimnasia Art\u00edstica para atletas con s\u00edndrome de Down<\/li>\n\n\n\n<li>Mes de la Concientizaci\u00f3n de la Comunidad Sorda\u00a0<\/li>\n\n\n\n<li>Marcha del Bast\u00f3n Verde<\/li>\n\n\n\n<li>Super Copa Sorda Femenil<\/li>\n\n\n\n<li>Congreso Internacional de Sexualidad en la Discapacidad<\/li>\n\n\n\n<li>Encuentro Nacional por al Aborto Legal y Seguro<\/li>\n<\/ul>\n\n\n\n<p>Esto permiti\u00f3 identificar la participaci\u00f3n de las mujeres con discapacidad en el \u00e1mbito p\u00fablico, ocuparon un rol m\u00e1s activo en las notas y se tomaron en cuenta sus experiencias, no s\u00f3lo por vivir con discapacidad sino por ser especialistas y voceras de alg\u00fan movimiento, colectivo u organizaci\u00f3n.<\/p>\n\n\n\n<p class=\"has-small-font-size\"><em>Fuente: Observatorio de Medios y Mujeres con Discapacidad | Nota metodol\u00f3gica: Documenta analiz\u00f3 303 textos period\u00edsticos sobre mujeres con discapacidad publicados en 180 medios de comunicaci\u00f3n durante el periodo del 4 de septiembre al 10 de noviembre de 2023.<\/em><\/p>\n<\/div><\/details><\/div>\n<\/div>\n<\/div>\n<\/div>\n","protected":false},"excerpt":{"rendered":"<p>En el Monitoreo de Medios de 2023 hubo m\u00e1s notas analizadas donde los medios de comunicaci\u00f3n realizaron una cobertura de eventos relacionados con temas de discapacidad.<\/p>\n","protected":false},"author":1,"featured_media":378,"comment_status":"closed","ping_status":"open","sticky":false,"template":"","format":"standard","meta":{"_coblocks_attr":"","_coblocks_dimensions":"","_coblocks_responsive_height":"","_coblocks_accordion_ie_support":"","_uag_custom_page_level_css":"","_monsterinsights_skip_tracking":false,"_monsterinsights_sitenote_active":false,"_monsterinsights_sitenote_note":"","_monsterinsights_sitenote_category":0,"footnotes":""},"categories":[16],"tags":[],"class_list":["post-370","post","type-post","status-publish","format-standard","has-post-thumbnail","hentry","category-16","entry"],"aioseo_notices":[],"yoast_head":"<!-- This site is optimized with the Yoast SEO plugin v25.0 - https:\/\/yoast.com\/wordpress\/plugins\/seo\/ -->\n<title>La importancia de ocupar los espacios - \u00a1Somos Comunidad!<\/title>\n<meta name=\"robots\" content=\"index, follow, max-snippet:-1, max-image-preview:large, max-video-preview:-1\" \/>\n<link rel=\"canonical\" href=\"https:\/\/www.documenta.org.mx\/somos-comunidad\/cambiemos-narrativas\/2023\/la-importancia-de-ocupar-los-espacios\/\" \/>\n<meta property=\"og:locale\" content=\"es_ES\" \/>\n<meta property=\"og:type\" content=\"article\" \/>\n<meta property=\"og:title\" content=\"La importancia de ocupar los espacios - \u00a1Somos Comunidad!\" \/>\n<meta property=\"og:description\" content=\"En el Monitoreo de Medios de 2023 hubo m\u00e1s notas analizadas donde los medios de comunicaci\u00f3n realizaron una cobertura de eventos relacionados con temas de discapacidad.\" \/>\n<meta property=\"og:url\" content=\"https:\/\/www.documenta.org.mx\/somos-comunidad\/cambiemos-narrativas\/2023\/la-importancia-de-ocupar-los-espacios\/\" \/>\n<meta property=\"og:site_name\" content=\"\u00a1Somos Comunidad!\" \/>\n<meta property=\"article:published_time\" content=\"2023-11-13T19:48:00+00:00\" \/>\n<meta property=\"article:modified_time\" content=\"2024-11-13T20:52:25+00:00\" \/>\n<meta property=\"og:image\" content=\"https:\/\/www.documenta.org.mx\/somos-comunidad\/wp-content\/uploads\/2024\/11\/infografia-2023-3.jpg\" \/>\n\t<meta property=\"og:image:width\" content=\"1928\" \/>\n\t<meta property=\"og:image:height\" content=\"1928\" \/>\n\t<meta property=\"og:image:type\" content=\"image\/jpeg\" \/>\n<meta name=\"author\" content=\"admin\" \/>\n<meta name=\"twitter:card\" content=\"summary_large_image\" \/>\n<meta name=\"twitter:label1\" content=\"Escrito por\" \/>\n\t<meta name=\"twitter:data1\" content=\"admin\" \/>\n\t<meta name=\"twitter:label2\" content=\"Tiempo de lectura\" \/>\n\t<meta name=\"twitter:data2\" content=\"1 minuto\" \/>\n<script type=\"application\/ld+json\" class=\"yoast-schema-graph\">{\"@context\":\"https:\/\/schema.org\",\"@graph\":[{\"@type\":\"Article\",\"@id\":\"https:\/\/www.documenta.org.mx\/somos-comunidad\/cambiemos-narrativas\/2023\/la-importancia-de-ocupar-los-espacios\/#article\",\"isPartOf\":{\"@id\":\"https:\/\/www.documenta.org.mx\/somos-comunidad\/cambiemos-narrativas\/2023\/la-importancia-de-ocupar-los-espacios\/\"},\"author\":{\"name\":\"admin\",\"@id\":\"https:\/\/www.documenta.org.mx\/somos-comunidad\/#\/schema\/person\/a0ab378fbb5565ef26e3f16eddc36673\"},\"headline\":\"La importancia de ocupar los espacios\",\"datePublished\":\"2023-11-13T19:48:00+00:00\",\"dateModified\":\"2024-11-13T20:52:25+00:00\",\"mainEntityOfPage\":{\"@id\":\"https:\/\/www.documenta.org.mx\/somos-comunidad\/cambiemos-narrativas\/2023\/la-importancia-de-ocupar-los-espacios\/\"},\"wordCount\":200,\"publisher\":{\"@id\":\"https:\/\/www.documenta.org.mx\/somos-comunidad\/#organization\"},\"image\":{\"@id\":\"https:\/\/www.documenta.org.mx\/somos-comunidad\/cambiemos-narrativas\/2023\/la-importancia-de-ocupar-los-espacios\/#primaryimage\"},\"thumbnailUrl\":\"https:\/\/www.documenta.org.mx\/somos-comunidad\/wp-content\/uploads\/2024\/11\/infografia-2023-3.jpg\",\"articleSection\":[\"2023\"],\"inLanguage\":\"es\"},{\"@type\":\"WebPage\",\"@id\":\"https:\/\/www.documenta.org.mx\/somos-comunidad\/cambiemos-narrativas\/2023\/la-importancia-de-ocupar-los-espacios\/\",\"url\":\"https:\/\/www.documenta.org.mx\/somos-comunidad\/cambiemos-narrativas\/2023\/la-importancia-de-ocupar-los-espacios\/\",\"name\":\"La importancia de ocupar los espacios - \u00a1Somos Comunidad!\",\"isPartOf\":{\"@id\":\"https:\/\/www.documenta.org.mx\/somos-comunidad\/#website\"},\"primaryImageOfPage\":{\"@id\":\"https:\/\/www.documenta.org.mx\/somos-comunidad\/cambiemos-narrativas\/2023\/la-importancia-de-ocupar-los-espacios\/#primaryimage\"},\"image\":{\"@id\":\"https:\/\/www.documenta.org.mx\/somos-comunidad\/cambiemos-narrativas\/2023\/la-importancia-de-ocupar-los-espacios\/#primaryimage\"},\"thumbnailUrl\":\"https:\/\/www.documenta.org.mx\/somos-comunidad\/wp-content\/uploads\/2024\/11\/infografia-2023-3.jpg\",\"datePublished\":\"2023-11-13T19:48:00+00:00\",\"dateModified\":\"2024-11-13T20:52:25+00:00\",\"breadcrumb\":{\"@id\":\"https:\/\/www.documenta.org.mx\/somos-comunidad\/cambiemos-narrativas\/2023\/la-importancia-de-ocupar-los-espacios\/#breadcrumb\"},\"inLanguage\":\"es\",\"potentialAction\":[{\"@type\":\"ReadAction\",\"target\":[\"https:\/\/www.documenta.org.mx\/somos-comunidad\/cambiemos-narrativas\/2023\/la-importancia-de-ocupar-los-espacios\/\"]}]},{\"@type\":\"ImageObject\",\"inLanguage\":\"es\",\"@id\":\"https:\/\/www.documenta.org.mx\/somos-comunidad\/cambiemos-narrativas\/2023\/la-importancia-de-ocupar-los-espacios\/#primaryimage\",\"url\":\"https:\/\/www.documenta.org.mx\/somos-comunidad\/wp-content\/uploads\/2024\/11\/infografia-2023-3.jpg\",\"contentUrl\":\"https:\/\/www.documenta.org.mx\/somos-comunidad\/wp-content\/uploads\/2024\/11\/infografia-2023-3.jpg\",\"width\":1928,\"height\":1928,\"caption\":\"Ilustraci\u00f3n tomada de la infograf\u00eda\"},{\"@type\":\"BreadcrumbList\",\"@id\":\"https:\/\/www.documenta.org.mx\/somos-comunidad\/cambiemos-narrativas\/2023\/la-importancia-de-ocupar-los-espacios\/#breadcrumb\",\"itemListElement\":[{\"@type\":\"ListItem\",\"position\":1,\"name\":\"Inicio\",\"item\":\"https:\/\/www.documenta.org.mx\/somos-comunidad\/\"},{\"@type\":\"ListItem\",\"position\":2,\"name\":\"Cambiemos narrativas\",\"item\":\"https:\/\/www.documenta.org.mx\/somos-comunidad\/categoria\/cambiemos-narrativas\/\"},{\"@type\":\"ListItem\",\"position\":3,\"name\":\"2023\",\"item\":\"https:\/\/www.documenta.org.mx\/somos-comunidad\/categoria\/cambiemos-narrativas\/2023\/\"},{\"@type\":\"ListItem\",\"position\":4,\"name\":\"La importancia de ocupar los espacios\"}]},{\"@type\":\"WebSite\",\"@id\":\"https:\/\/www.documenta.org.mx\/somos-comunidad\/#website\",\"url\":\"https:\/\/www.documenta.org.mx\/somos-comunidad\/\",\"name\":\"\u00a1Somos Comunidad!\",\"description\":\"Mujeres con discapacidad\",\"publisher\":{\"@id\":\"https:\/\/www.documenta.org.mx\/somos-comunidad\/#organization\"},\"potentialAction\":[{\"@type\":\"SearchAction\",\"target\":{\"@type\":\"EntryPoint\",\"urlTemplate\":\"https:\/\/www.documenta.org.mx\/somos-comunidad\/?s={search_term_string}\"},\"query-input\":{\"@type\":\"PropertyValueSpecification\",\"valueRequired\":true,\"valueName\":\"search_term_string\"}}],\"inLanguage\":\"es\"},{\"@type\":\"Organization\",\"@id\":\"https:\/\/www.documenta.org.mx\/somos-comunidad\/#organization\",\"name\":\"\u00a1Somos Comunidad!\",\"url\":\"https:\/\/www.documenta.org.mx\/somos-comunidad\/\",\"logo\":{\"@type\":\"ImageObject\",\"inLanguage\":\"es\",\"@id\":\"https:\/\/www.documenta.org.mx\/somos-comunidad\/#\/schema\/logo\/image\/\",\"url\":\"https:\/\/www.documenta.org.mx\/somos-comunidad\/wp-content\/uploads\/2024\/11\/somos-comunidad-logo.png\",\"contentUrl\":\"https:\/\/www.documenta.org.mx\/somos-comunidad\/wp-content\/uploads\/2024\/11\/somos-comunidad-logo.png\",\"width\":500,\"height\":573,\"caption\":\"\u00a1Somos Comunidad!\"},\"image\":{\"@id\":\"https:\/\/www.documenta.org.mx\/somos-comunidad\/#\/schema\/logo\/image\/\"}},{\"@type\":\"Person\",\"@id\":\"https:\/\/www.documenta.org.mx\/somos-comunidad\/#\/schema\/person\/a0ab378fbb5565ef26e3f16eddc36673\",\"name\":\"admin\",\"image\":{\"@type\":\"ImageObject\",\"inLanguage\":\"es\",\"@id\":\"https:\/\/www.documenta.org.mx\/somos-comunidad\/#\/schema\/person\/image\/\",\"url\":\"https:\/\/secure.gravatar.com\/avatar\/d8ab66389a7cf49a790d64395cb0556ab0a59e9afce0c632741f122dd6264e69?s=96&d=mm&r=g\",\"contentUrl\":\"https:\/\/secure.gravatar.com\/avatar\/d8ab66389a7cf49a790d64395cb0556ab0a59e9afce0c632741f122dd6264e69?s=96&d=mm&r=g\",\"caption\":\"admin\"},\"sameAs\":[\"http:\/\/documenta.org.mx\/somos-comunidad\"],\"url\":\"https:\/\/www.documenta.org.mx\/somos-comunidad\/author\/admin\/\"}]}<\/script>\n<!-- \/ Yoast SEO plugin. -->","yoast_head_json":{"title":"La importancia de ocupar los espacios - \u00a1Somos Comunidad!","robots":{"index":"index","follow":"follow","max-snippet":"max-snippet:-1","max-image-preview":"max-image-preview:large","max-video-preview":"max-video-preview:-1"},"canonical":"https:\/\/www.documenta.org.mx\/somos-comunidad\/cambiemos-narrativas\/2023\/la-importancia-de-ocupar-los-espacios\/","og_locale":"es_ES","og_type":"article","og_title":"La importancia de ocupar los espacios - \u00a1Somos Comunidad!","og_description":"En el Monitoreo de Medios de 2023 hubo m\u00e1s notas analizadas donde los medios de comunicaci\u00f3n realizaron una cobertura de eventos relacionados con temas de discapacidad.","og_url":"https:\/\/www.documenta.org.mx\/somos-comunidad\/cambiemos-narrativas\/2023\/la-importancia-de-ocupar-los-espacios\/","og_site_name":"\u00a1Somos Comunidad!","article_published_time":"2023-11-13T19:48:00+00:00","article_modified_time":"2024-11-13T20:52:25+00:00","og_image":[{"width":1928,"height":1928,"url":"https:\/\/www.documenta.org.mx\/somos-comunidad\/wp-content\/uploads\/2024\/11\/infografia-2023-3.jpg","type":"image\/jpeg"}],"author":"admin","twitter_card":"summary_large_image","twitter_misc":{"Escrito por":"admin","Tiempo de lectura":"1 minuto"},"schema":{"@context":"https:\/\/schema.org","@graph":[{"@type":"Article","@id":"https:\/\/www.documenta.org.mx\/somos-comunidad\/cambiemos-narrativas\/2023\/la-importancia-de-ocupar-los-espacios\/#article","isPartOf":{"@id":"https:\/\/www.documenta.org.mx\/somos-comunidad\/cambiemos-narrativas\/2023\/la-importancia-de-ocupar-los-espacios\/"},"author":{"name":"admin","@id":"https:\/\/www.documenta.org.mx\/somos-comunidad\/#\/schema\/person\/a0ab378fbb5565ef26e3f16eddc36673"},"headline":"La importancia de ocupar los espacios","datePublished":"2023-11-13T19:48:00+00:00","dateModified":"2024-11-13T20:52:25+00:00","mainEntityOfPage":{"@id":"https:\/\/www.documenta.org.mx\/somos-comunidad\/cambiemos-narrativas\/2023\/la-importancia-de-ocupar-los-espacios\/"},"wordCount":200,"publisher":{"@id":"https:\/\/www.documenta.org.mx\/somos-comunidad\/#organization"},"image":{"@id":"https:\/\/www.documenta.org.mx\/somos-comunidad\/cambiemos-narrativas\/2023\/la-importancia-de-ocupar-los-espacios\/#primaryimage"},"thumbnailUrl":"https:\/\/www.documenta.org.mx\/somos-comunidad\/wp-content\/uploads\/2024\/11\/infografia-2023-3.jpg","articleSection":["2023"],"inLanguage":"es"},{"@type":"WebPage","@id":"https:\/\/www.documenta.org.mx\/somos-comunidad\/cambiemos-narrativas\/2023\/la-importancia-de-ocupar-los-espacios\/","url":"https:\/\/www.documenta.org.mx\/somos-comunidad\/cambiemos-narrativas\/2023\/la-importancia-de-ocupar-los-espacios\/","name":"La importancia de ocupar los espacios - \u00a1Somos Comunidad!","isPartOf":{"@id":"https:\/\/www.documenta.org.mx\/somos-comunidad\/#website"},"primaryImageOfPage":{"@id":"https:\/\/www.documenta.org.mx\/somos-comunidad\/cambiemos-narrativas\/2023\/la-importancia-de-ocupar-los-espacios\/#primaryimage"},"image":{"@id":"https:\/\/www.documenta.org.mx\/somos-comunidad\/cambiemos-narrativas\/2023\/la-importancia-de-ocupar-los-espacios\/#primaryimage"},"thumbnailUrl":"https:\/\/www.documenta.org.mx\/somos-comunidad\/wp-content\/uploads\/2024\/11\/infografia-2023-3.jpg","datePublished":"2023-11-13T19:48:00+00:00","dateModified":"2024-11-13T20:52:25+00:00","breadcrumb":{"@id":"https:\/\/www.documenta.org.mx\/somos-comunidad\/cambiemos-narrativas\/2023\/la-importancia-de-ocupar-los-espacios\/#breadcrumb"},"inLanguage":"es","potentialAction":[{"@type":"ReadAction","target":["https:\/\/www.documenta.org.mx\/somos-comunidad\/cambiemos-narrativas\/2023\/la-importancia-de-ocupar-los-espacios\/"]}]},{"@type":"ImageObject","inLanguage":"es","@id":"https:\/\/www.documenta.org.mx\/somos-comunidad\/cambiemos-narrativas\/2023\/la-importancia-de-ocupar-los-espacios\/#primaryimage","url":"https:\/\/www.documenta.org.mx\/somos-comunidad\/wp-content\/uploads\/2024\/11\/infografia-2023-3.jpg","contentUrl":"https:\/\/www.documenta.org.mx\/somos-comunidad\/wp-content\/uploads\/2024\/11\/infografia-2023-3.jpg","width":1928,"height":1928,"caption":"Ilustraci\u00f3n tomada de la infograf\u00eda"},{"@type":"BreadcrumbList","@id":"https:\/\/www.documenta.org.mx\/somos-comunidad\/cambiemos-narrativas\/2023\/la-importancia-de-ocupar-los-espacios\/#breadcrumb","itemListElement":[{"@type":"ListItem","position":1,"name":"Inicio","item":"https:\/\/www.documenta.org.mx\/somos-comunidad\/"},{"@type":"ListItem","position":2,"name":"Cambiemos narrativas","item":"https:\/\/www.documenta.org.mx\/somos-comunidad\/categoria\/cambiemos-narrativas\/"},{"@type":"ListItem","position":3,"name":"2023","item":"https:\/\/www.documenta.org.mx\/somos-comunidad\/categoria\/cambiemos-narrativas\/2023\/"},{"@type":"ListItem","position":4,"name":"La importancia de ocupar los espacios"}]},{"@type":"WebSite","@id":"https:\/\/www.documenta.org.mx\/somos-comunidad\/#website","url":"https:\/\/www.documenta.org.mx\/somos-comunidad\/","name":"\u00a1Somos Comunidad!","description":"Mujeres con discapacidad","publisher":{"@id":"https:\/\/www.documenta.org.mx\/somos-comunidad\/#organization"},"potentialAction":[{"@type":"SearchAction","target":{"@type":"EntryPoint","urlTemplate":"https:\/\/www.documenta.org.mx\/somos-comunidad\/?s={search_term_string}"},"query-input":{"@type":"PropertyValueSpecification","valueRequired":true,"valueName":"search_term_string"}}],"inLanguage":"es"},{"@type":"Organization","@id":"https:\/\/www.documenta.org.mx\/somos-comunidad\/#organization","name":"\u00a1Somos Comunidad!","url":"https:\/\/www.documenta.org.mx\/somos-comunidad\/","logo":{"@type":"ImageObject","inLanguage":"es","@id":"https:\/\/www.documenta.org.mx\/somos-comunidad\/#\/schema\/logo\/image\/","url":"https:\/\/www.documenta.org.mx\/somos-comunidad\/wp-content\/uploads\/2024\/11\/somos-comunidad-logo.png","contentUrl":"https:\/\/www.documenta.org.mx\/somos-comunidad\/wp-content\/uploads\/2024\/11\/somos-comunidad-logo.png","width":500,"height":573,"caption":"\u00a1Somos Comunidad!"},"image":{"@id":"https:\/\/www.documenta.org.mx\/somos-comunidad\/#\/schema\/logo\/image\/"}},{"@type":"Person","@id":"https:\/\/www.documenta.org.mx\/somos-comunidad\/#\/schema\/person\/a0ab378fbb5565ef26e3f16eddc36673","name":"admin","image":{"@type":"ImageObject","inLanguage":"es","@id":"https:\/\/www.documenta.org.mx\/somos-comunidad\/#\/schema\/person\/image\/","url":"https:\/\/secure.gravatar.com\/avatar\/d8ab66389a7cf49a790d64395cb0556ab0a59e9afce0c632741f122dd6264e69?s=96&d=mm&r=g","contentUrl":"https:\/\/secure.gravatar.com\/avatar\/d8ab66389a7cf49a790d64395cb0556ab0a59e9afce0c632741f122dd6264e69?s=96&d=mm&r=g","caption":"admin"},"sameAs":["http:\/\/documenta.org.mx\/somos-comunidad"],"url":"https:\/\/www.documenta.org.mx\/somos-comunidad\/author\/admin\/"}]}},"uagb_featured_image_src":{"full":["https:\/\/www.documenta.org.mx\/somos-comunidad\/wp-content\/uploads\/2024\/11\/infografia-2023-3.jpg",1928,1928,false],"thumbnail":["https:\/\/www.documenta.org.mx\/somos-comunidad\/wp-content\/uploads\/2024\/11\/infografia-2023-3-150x150.jpg",150,150,true],"medium":["https:\/\/www.documenta.org.mx\/somos-comunidad\/wp-content\/uploads\/2024\/11\/infografia-2023-3-300x300.jpg",300,300,true],"medium_large":["https:\/\/www.documenta.org.mx\/somos-comunidad\/wp-content\/uploads\/2024\/11\/infografia-2023-3-768x768.jpg",750,750,true],"large":["https:\/\/www.documenta.org.mx\/somos-comunidad\/wp-content\/uploads\/2024\/11\/infografia-2023-3-1024x1024.jpg",750,750,true],"1536x1536":["https:\/\/www.documenta.org.mx\/somos-comunidad\/wp-content\/uploads\/2024\/11\/infografia-2023-3-1536x1536.jpg",1536,1536,true],"2048x2048":["https:\/\/www.documenta.org.mx\/somos-comunidad\/wp-content\/uploads\/2024\/11\/infografia-2023-3.jpg",1928,1928,false],"post-thumbnail":["https:\/\/www.documenta.org.mx\/somos-comunidad\/wp-content\/uploads\/2024\/11\/infografia-2023-3-1568x1568.jpg",1568,1568,true]},"uagb_author_info":{"display_name":"admin","author_link":"https:\/\/www.documenta.org.mx\/somos-comunidad\/author\/admin\/"},"uagb_comment_info":0,"uagb_excerpt":"En el Monitoreo de Medios de 2023 hubo m\u00e1s notas analizadas donde los medios de comunicaci\u00f3n realizaron una cobertura de eventos relacionados con temas de discapacidad.","_links":{"self":[{"href":"https:\/\/www.documenta.org.mx\/somos-comunidad\/wp-json\/wp\/v2\/posts\/370","targetHints":{"allow":["GET"]}}],"collection":[{"href":"https:\/\/www.documenta.org.mx\/somos-comunidad\/wp-json\/wp\/v2\/posts"}],"about":[{"href":"https:\/\/www.documenta.org.mx\/somos-comunidad\/wp-json\/wp\/v2\/types\/post"}],"author":[{"embeddable":true,"href":"https:\/\/www.documenta.org.mx\/somos-comunidad\/wp-json\/wp\/v2\/users\/1"}],"replies":[{"embeddable":true,"href":"https:\/\/www.documenta.org.mx\/somos-comunidad\/wp-json\/wp\/v2\/comments?post=370"}],"version-history":[{"count":4,"href":"https:\/\/www.documenta.org.mx\/somos-comunidad\/wp-json\/wp\/v2\/posts\/370\/revisions"}],"predecessor-version":[{"id":395,"href":"https:\/\/www.documenta.org.mx\/somos-comunidad\/wp-json\/wp\/v2\/posts\/370\/revisions\/395"}],"wp:featuredmedia":[{"embeddable":true,"href":"https:\/\/www.documenta.org.mx\/somos-comunidad\/wp-json\/wp\/v2\/media\/378"}],"wp:attachment":[{"href":"https:\/\/www.documenta.org.mx\/somos-comunidad\/wp-json\/wp\/v2\/media?parent=370"}],"wp:term":[{"taxonomy":"category","embeddable":true,"href":"https:\/\/www.documenta.org.mx\/somos-comunidad\/wp-json\/wp\/v2\/categories?post=370"},{"taxonomy":"post_tag","embeddable":true,"href":"https:\/\/www.documenta.org.mx\/somos-comunidad\/wp-json\/wp\/v2\/tags?post=370"}],"curies":[{"name":"wp","href":"https:\/\/api.w.org\/{rel}","templated":true}]}}