{"id":368,"date":"2023-11-13T19:48:00","date_gmt":"2023-11-13T19:48:00","guid":{"rendered":"https:\/\/documenta.org.mx\/somos-comunidad\/?p=368"},"modified":"2024-11-13T20:52:19","modified_gmt":"2024-11-13T20:52:19","slug":"lo-que-decimos-y-como-lo-decimos-es-muy-importante","status":"publish","type":"post","link":"https:\/\/www.documenta.org.mx\/somos-comunidad\/cambiemos-narrativas\/2023\/lo-que-decimos-y-como-lo-decimos-es-muy-importante\/","title":{"rendered":"Lo que decimos y c\u00f3mo lo decimos \u00a1es muy importante!"},"content":{"rendered":"\n<div class=\"wp-block-columns alignfull is-layout-flex wp-container-core-columns-is-layout-88098167 wp-block-columns-is-layout-flex\" style=\"padding-right:var(--wp--preset--spacing--30);padding-left:var(--wp--preset--spacing--30)\">\n<div class=\"wp-block-column is-layout-flow wp-block-column-is-layout-flow\" style=\"flex-basis:65%\">\n<figure class=\"wp-block-image size-large has-lightbox has-lightbox\"><img loading=\"lazy\" decoding=\"async\" width=\"1024\" height=\"791\" src=\"http:\/\/documenta.org.mx\/somos-comunidad\/wp-content\/uploads\/2024\/11\/infografia-decimos-y-como-importa-1024x791.jpg\" alt=\"Infograf\u00eda: Lo que decimos y c\u00f3mo lo decimos \u00a1es muy importante!\" class=\"wp-image-380\" srcset=\"https:\/\/www.documenta.org.mx\/somos-comunidad\/wp-content\/uploads\/2024\/11\/infografia-decimos-y-como-importa-1024x791.jpg 1024w, https:\/\/www.documenta.org.mx\/somos-comunidad\/wp-content\/uploads\/2024\/11\/infografia-decimos-y-como-importa-300x232.jpg 300w, https:\/\/www.documenta.org.mx\/somos-comunidad\/wp-content\/uploads\/2024\/11\/infografia-decimos-y-como-importa-768x593.jpg 768w, https:\/\/www.documenta.org.mx\/somos-comunidad\/wp-content\/uploads\/2024\/11\/infografia-decimos-y-como-importa-1536x1187.jpg 1536w, https:\/\/www.documenta.org.mx\/somos-comunidad\/wp-content\/uploads\/2024\/11\/infografia-decimos-y-como-importa-1568x1211.jpg 1568w, https:\/\/www.documenta.org.mx\/somos-comunidad\/wp-content\/uploads\/2024\/11\/infografia-decimos-y-como-importa.jpg 2000w\" sizes=\"auto, (max-width: 1024px) 100vw, 1024px\" \/><\/figure>\n<\/div>\n\n\n\n<div class=\"wp-block-column is-layout-flow wp-block-column-is-layout-flow\">\n<div class=\"wp-block-coblocks-accordion\">\n<div class=\"wp-block-coblocks-accordion-item\" style=\"font-size:22px\"><details open><summary class=\"wp-block-coblocks-accordion-item__title has-background has-color-1-background-color has-text-color has-blanco-color\"><strong>Ver la infograf\u00eda en texto<\/strong><\/summary><div class=\"wp-block-coblocks-accordion-item__content\" style=\"border-color:#e01e9e\">\n<p>Los medios de comunicaci\u00f3n contribuyen a la construcci\u00f3n social de la realidad, nos ense\u00f1an qu\u00e9 comportamientos o expresiones aceptar o rechazar.&nbsp;<\/p>\n\n\n\n<p>Entre los hallazgos del Monitoreo de Medios de 2023 encontramos que la representaci\u00f3n medi\u00e1tica de las&nbsp; mujeres con discapacidad sigue marcada por el estigma, la discriminaci\u00f3n, la invisibilizaci\u00f3n y el sexismo.<\/p>\n\n\n\n<p>Las mujeres con discapacidad son nombradas desde la visi\u00f3n de padecimiento en temas de violencia; aparecen desde la visi\u00f3n de derechos o barreras sociales en temas de incidencia y desde la visi\u00f3n inspiracional o de superaci\u00f3n personal en eventos deportivos y culturales.<\/p>\n\n\n\n<p>Analizar qu\u00e9 voces se incluyen en los medios, con qu\u00e9 frecuencia aparecen y qu\u00e9 mensajes se difunden nos permite medir el pulso de la participaci\u00f3n de diversos grupos sociales, c\u00f3mo se posicionan sus demandas y qu\u00e9 tanto se avanza en el reconocimiento (o no) de derechos.<\/p>\n\n\n\n<p class=\"has-small-font-size\"><em>Fuente: Observatorio de Medios y Mujeres con Discapacidad | Nota metodol\u00f3gica: Documenta analiz\u00f3 303 textos period\u00edsticos sobre mujeres con discapacidad publicados en 180 medios de comunicaci\u00f3n durante el periodo del 4 de septiembre al 10 de noviembre de 2023.<\/em><\/p>\n<\/div><\/details><\/div>\n<\/div>\n<\/div>\n<\/div>\n","protected":false},"excerpt":{"rendered":"<p>Los medios de comunicaci\u00f3n contribuyen a la construcci\u00f3n social de la realidad, nos ense\u00f1an qu\u00e9 comportamientos o expresiones aceptar o rechazar. <\/p>\n","protected":false},"author":1,"featured_media":376,"comment_status":"closed","ping_status":"open","sticky":false,"template":"","format":"standard","meta":{"_coblocks_attr":"","_coblocks_dimensions":"","_coblocks_responsive_height":"","_coblocks_accordion_ie_support":"","_uag_custom_page_level_css":"","_monsterinsights_skip_tracking":false,"_monsterinsights_sitenote_active":false,"_monsterinsights_sitenote_note":"","_monsterinsights_sitenote_category":0,"footnotes":""},"categories":[16],"tags":[],"class_list":["post-368","post","type-post","status-publish","format-standard","has-post-thumbnail","hentry","category-16","entry"],"aioseo_notices":[],"yoast_head":"<!-- This site is optimized with the Yoast SEO plugin v25.0 - https:\/\/yoast.com\/wordpress\/plugins\/seo\/ -->\n<title>Lo que decimos y c\u00f3mo lo decimos \u00a1es muy importante! - \u00a1Somos Comunidad!<\/title>\n<meta name=\"robots\" content=\"index, follow, max-snippet:-1, max-image-preview:large, max-video-preview:-1\" \/>\n<link rel=\"canonical\" href=\"https:\/\/www.documenta.org.mx\/somos-comunidad\/cambiemos-narrativas\/2023\/lo-que-decimos-y-como-lo-decimos-es-muy-importante\/\" \/>\n<meta property=\"og:locale\" content=\"es_ES\" \/>\n<meta property=\"og:type\" content=\"article\" \/>\n<meta property=\"og:title\" content=\"Lo que decimos y c\u00f3mo lo decimos \u00a1es muy importante! - \u00a1Somos Comunidad!\" \/>\n<meta property=\"og:description\" content=\"Los medios de comunicaci\u00f3n contribuyen a la construcci\u00f3n social de la realidad, nos ense\u00f1an qu\u00e9 comportamientos o expresiones aceptar o rechazar.\" \/>\n<meta property=\"og:url\" content=\"https:\/\/www.documenta.org.mx\/somos-comunidad\/cambiemos-narrativas\/2023\/lo-que-decimos-y-como-lo-decimos-es-muy-importante\/\" \/>\n<meta property=\"og:site_name\" content=\"\u00a1Somos Comunidad!\" \/>\n<meta property=\"article:published_time\" content=\"2023-11-13T19:48:00+00:00\" \/>\n<meta property=\"article:modified_time\" content=\"2024-11-13T20:52:19+00:00\" \/>\n<meta property=\"og:image\" content=\"https:\/\/www.documenta.org.mx\/somos-comunidad\/wp-content\/uploads\/2024\/11\/infografia-2023-1.jpg\" \/>\n\t<meta property=\"og:image:width\" content=\"2125\" \/>\n\t<meta property=\"og:image:height\" content=\"2125\" \/>\n\t<meta property=\"og:image:type\" content=\"image\/jpeg\" \/>\n<meta name=\"author\" content=\"admin\" \/>\n<meta name=\"twitter:card\" content=\"summary_large_image\" \/>\n<meta name=\"twitter:label1\" content=\"Escrito por\" \/>\n\t<meta name=\"twitter:data1\" content=\"admin\" \/>\n\t<meta name=\"twitter:label2\" content=\"Tiempo de lectura\" \/>\n\t<meta name=\"twitter:data2\" content=\"1 minuto\" \/>\n<script type=\"application\/ld+json\" class=\"yoast-schema-graph\">{\"@context\":\"https:\/\/schema.org\",\"@graph\":[{\"@type\":\"Article\",\"@id\":\"https:\/\/www.documenta.org.mx\/somos-comunidad\/cambiemos-narrativas\/2023\/lo-que-decimos-y-como-lo-decimos-es-muy-importante\/#article\",\"isPartOf\":{\"@id\":\"https:\/\/www.documenta.org.mx\/somos-comunidad\/cambiemos-narrativas\/2023\/lo-que-decimos-y-como-lo-decimos-es-muy-importante\/\"},\"author\":{\"name\":\"admin\",\"@id\":\"https:\/\/www.documenta.org.mx\/somos-comunidad\/#\/schema\/person\/a0ab378fbb5565ef26e3f16eddc36673\"},\"headline\":\"Lo que decimos y c\u00f3mo lo decimos \u00a1es muy importante!\",\"datePublished\":\"2023-11-13T19:48:00+00:00\",\"dateModified\":\"2024-11-13T20:52:19+00:00\",\"mainEntityOfPage\":{\"@id\":\"https:\/\/www.documenta.org.mx\/somos-comunidad\/cambiemos-narrativas\/2023\/lo-que-decimos-y-como-lo-decimos-es-muy-importante\/\"},\"wordCount\":207,\"publisher\":{\"@id\":\"https:\/\/www.documenta.org.mx\/somos-comunidad\/#organization\"},\"image\":{\"@id\":\"https:\/\/www.documenta.org.mx\/somos-comunidad\/cambiemos-narrativas\/2023\/lo-que-decimos-y-como-lo-decimos-es-muy-importante\/#primaryimage\"},\"thumbnailUrl\":\"https:\/\/www.documenta.org.mx\/somos-comunidad\/wp-content\/uploads\/2024\/11\/infografia-2023-1.jpg\",\"articleSection\":[\"2023\"],\"inLanguage\":\"es\"},{\"@type\":\"WebPage\",\"@id\":\"https:\/\/www.documenta.org.mx\/somos-comunidad\/cambiemos-narrativas\/2023\/lo-que-decimos-y-como-lo-decimos-es-muy-importante\/\",\"url\":\"https:\/\/www.documenta.org.mx\/somos-comunidad\/cambiemos-narrativas\/2023\/lo-que-decimos-y-como-lo-decimos-es-muy-importante\/\",\"name\":\"Lo que decimos y c\u00f3mo lo decimos \u00a1es muy importante! - \u00a1Somos Comunidad!\",\"isPartOf\":{\"@id\":\"https:\/\/www.documenta.org.mx\/somos-comunidad\/#website\"},\"primaryImageOfPage\":{\"@id\":\"https:\/\/www.documenta.org.mx\/somos-comunidad\/cambiemos-narrativas\/2023\/lo-que-decimos-y-como-lo-decimos-es-muy-importante\/#primaryimage\"},\"image\":{\"@id\":\"https:\/\/www.documenta.org.mx\/somos-comunidad\/cambiemos-narrativas\/2023\/lo-que-decimos-y-como-lo-decimos-es-muy-importante\/#primaryimage\"},\"thumbnailUrl\":\"https:\/\/www.documenta.org.mx\/somos-comunidad\/wp-content\/uploads\/2024\/11\/infografia-2023-1.jpg\",\"datePublished\":\"2023-11-13T19:48:00+00:00\",\"dateModified\":\"2024-11-13T20:52:19+00:00\",\"breadcrumb\":{\"@id\":\"https:\/\/www.documenta.org.mx\/somos-comunidad\/cambiemos-narrativas\/2023\/lo-que-decimos-y-como-lo-decimos-es-muy-importante\/#breadcrumb\"},\"inLanguage\":\"es\",\"potentialAction\":[{\"@type\":\"ReadAction\",\"target\":[\"https:\/\/www.documenta.org.mx\/somos-comunidad\/cambiemos-narrativas\/2023\/lo-que-decimos-y-como-lo-decimos-es-muy-importante\/\"]}]},{\"@type\":\"ImageObject\",\"inLanguage\":\"es\",\"@id\":\"https:\/\/www.documenta.org.mx\/somos-comunidad\/cambiemos-narrativas\/2023\/lo-que-decimos-y-como-lo-decimos-es-muy-importante\/#primaryimage\",\"url\":\"https:\/\/www.documenta.org.mx\/somos-comunidad\/wp-content\/uploads\/2024\/11\/infografia-2023-1.jpg\",\"contentUrl\":\"https:\/\/www.documenta.org.mx\/somos-comunidad\/wp-content\/uploads\/2024\/11\/infografia-2023-1.jpg\",\"width\":2125,\"height\":2125,\"caption\":\"Ilustraci\u00f3n tomada de la infograf\u00eda\"},{\"@type\":\"BreadcrumbList\",\"@id\":\"https:\/\/www.documenta.org.mx\/somos-comunidad\/cambiemos-narrativas\/2023\/lo-que-decimos-y-como-lo-decimos-es-muy-importante\/#breadcrumb\",\"itemListElement\":[{\"@type\":\"ListItem\",\"position\":1,\"name\":\"Inicio\",\"item\":\"https:\/\/www.documenta.org.mx\/somos-comunidad\/\"},{\"@type\":\"ListItem\",\"position\":2,\"name\":\"Cambiemos narrativas\",\"item\":\"https:\/\/www.documenta.org.mx\/somos-comunidad\/categoria\/cambiemos-narrativas\/\"},{\"@type\":\"ListItem\",\"position\":3,\"name\":\"2023\",\"item\":\"https:\/\/www.documenta.org.mx\/somos-comunidad\/categoria\/cambiemos-narrativas\/2023\/\"},{\"@type\":\"ListItem\",\"position\":4,\"name\":\"Lo que decimos y c\u00f3mo lo decimos \u00a1es muy importante!\"}]},{\"@type\":\"WebSite\",\"@id\":\"https:\/\/www.documenta.org.mx\/somos-comunidad\/#website\",\"url\":\"https:\/\/www.documenta.org.mx\/somos-comunidad\/\",\"name\":\"\u00a1Somos Comunidad!\",\"description\":\"Mujeres con discapacidad\",\"publisher\":{\"@id\":\"https:\/\/www.documenta.org.mx\/somos-comunidad\/#organization\"},\"potentialAction\":[{\"@type\":\"SearchAction\",\"target\":{\"@type\":\"EntryPoint\",\"urlTemplate\":\"https:\/\/www.documenta.org.mx\/somos-comunidad\/?s={search_term_string}\"},\"query-input\":{\"@type\":\"PropertyValueSpecification\",\"valueRequired\":true,\"valueName\":\"search_term_string\"}}],\"inLanguage\":\"es\"},{\"@type\":\"Organization\",\"@id\":\"https:\/\/www.documenta.org.mx\/somos-comunidad\/#organization\",\"name\":\"\u00a1Somos Comunidad!\",\"url\":\"https:\/\/www.documenta.org.mx\/somos-comunidad\/\",\"logo\":{\"@type\":\"ImageObject\",\"inLanguage\":\"es\",\"@id\":\"https:\/\/www.documenta.org.mx\/somos-comunidad\/#\/schema\/logo\/image\/\",\"url\":\"https:\/\/www.documenta.org.mx\/somos-comunidad\/wp-content\/uploads\/2024\/11\/somos-comunidad-logo.png\",\"contentUrl\":\"https:\/\/www.documenta.org.mx\/somos-comunidad\/wp-content\/uploads\/2024\/11\/somos-comunidad-logo.png\",\"width\":500,\"height\":573,\"caption\":\"\u00a1Somos Comunidad!\"},\"image\":{\"@id\":\"https:\/\/www.documenta.org.mx\/somos-comunidad\/#\/schema\/logo\/image\/\"}},{\"@type\":\"Person\",\"@id\":\"https:\/\/www.documenta.org.mx\/somos-comunidad\/#\/schema\/person\/a0ab378fbb5565ef26e3f16eddc36673\",\"name\":\"admin\",\"image\":{\"@type\":\"ImageObject\",\"inLanguage\":\"es\",\"@id\":\"https:\/\/www.documenta.org.mx\/somos-comunidad\/#\/schema\/person\/image\/\",\"url\":\"https:\/\/secure.gravatar.com\/avatar\/d8ab66389a7cf49a790d64395cb0556ab0a59e9afce0c632741f122dd6264e69?s=96&d=mm&r=g\",\"contentUrl\":\"https:\/\/secure.gravatar.com\/avatar\/d8ab66389a7cf49a790d64395cb0556ab0a59e9afce0c632741f122dd6264e69?s=96&d=mm&r=g\",\"caption\":\"admin\"},\"sameAs\":[\"http:\/\/documenta.org.mx\/somos-comunidad\"],\"url\":\"https:\/\/www.documenta.org.mx\/somos-comunidad\/author\/admin\/\"}]}<\/script>\n<!-- \/ Yoast SEO plugin. -->","yoast_head_json":{"title":"Lo que decimos y c\u00f3mo lo decimos \u00a1es muy importante! - \u00a1Somos Comunidad!","robots":{"index":"index","follow":"follow","max-snippet":"max-snippet:-1","max-image-preview":"max-image-preview:large","max-video-preview":"max-video-preview:-1"},"canonical":"https:\/\/www.documenta.org.mx\/somos-comunidad\/cambiemos-narrativas\/2023\/lo-que-decimos-y-como-lo-decimos-es-muy-importante\/","og_locale":"es_ES","og_type":"article","og_title":"Lo que decimos y c\u00f3mo lo decimos \u00a1es muy importante! - \u00a1Somos Comunidad!","og_description":"Los medios de comunicaci\u00f3n contribuyen a la construcci\u00f3n social de la realidad, nos ense\u00f1an qu\u00e9 comportamientos o expresiones aceptar o rechazar.","og_url":"https:\/\/www.documenta.org.mx\/somos-comunidad\/cambiemos-narrativas\/2023\/lo-que-decimos-y-como-lo-decimos-es-muy-importante\/","og_site_name":"\u00a1Somos Comunidad!","article_published_time":"2023-11-13T19:48:00+00:00","article_modified_time":"2024-11-13T20:52:19+00:00","og_image":[{"width":2125,"height":2125,"url":"https:\/\/www.documenta.org.mx\/somos-comunidad\/wp-content\/uploads\/2024\/11\/infografia-2023-1.jpg","type":"image\/jpeg"}],"author":"admin","twitter_card":"summary_large_image","twitter_misc":{"Escrito por":"admin","Tiempo de lectura":"1 minuto"},"schema":{"@context":"https:\/\/schema.org","@graph":[{"@type":"Article","@id":"https:\/\/www.documenta.org.mx\/somos-comunidad\/cambiemos-narrativas\/2023\/lo-que-decimos-y-como-lo-decimos-es-muy-importante\/#article","isPartOf":{"@id":"https:\/\/www.documenta.org.mx\/somos-comunidad\/cambiemos-narrativas\/2023\/lo-que-decimos-y-como-lo-decimos-es-muy-importante\/"},"author":{"name":"admin","@id":"https:\/\/www.documenta.org.mx\/somos-comunidad\/#\/schema\/person\/a0ab378fbb5565ef26e3f16eddc36673"},"headline":"Lo que decimos y c\u00f3mo lo decimos \u00a1es muy importante!","datePublished":"2023-11-13T19:48:00+00:00","dateModified":"2024-11-13T20:52:19+00:00","mainEntityOfPage":{"@id":"https:\/\/www.documenta.org.mx\/somos-comunidad\/cambiemos-narrativas\/2023\/lo-que-decimos-y-como-lo-decimos-es-muy-importante\/"},"wordCount":207,"publisher":{"@id":"https:\/\/www.documenta.org.mx\/somos-comunidad\/#organization"},"image":{"@id":"https:\/\/www.documenta.org.mx\/somos-comunidad\/cambiemos-narrativas\/2023\/lo-que-decimos-y-como-lo-decimos-es-muy-importante\/#primaryimage"},"thumbnailUrl":"https:\/\/www.documenta.org.mx\/somos-comunidad\/wp-content\/uploads\/2024\/11\/infografia-2023-1.jpg","articleSection":["2023"],"inLanguage":"es"},{"@type":"WebPage","@id":"https:\/\/www.documenta.org.mx\/somos-comunidad\/cambiemos-narrativas\/2023\/lo-que-decimos-y-como-lo-decimos-es-muy-importante\/","url":"https:\/\/www.documenta.org.mx\/somos-comunidad\/cambiemos-narrativas\/2023\/lo-que-decimos-y-como-lo-decimos-es-muy-importante\/","name":"Lo que decimos y c\u00f3mo lo decimos \u00a1es muy importante! - \u00a1Somos Comunidad!","isPartOf":{"@id":"https:\/\/www.documenta.org.mx\/somos-comunidad\/#website"},"primaryImageOfPage":{"@id":"https:\/\/www.documenta.org.mx\/somos-comunidad\/cambiemos-narrativas\/2023\/lo-que-decimos-y-como-lo-decimos-es-muy-importante\/#primaryimage"},"image":{"@id":"https:\/\/www.documenta.org.mx\/somos-comunidad\/cambiemos-narrativas\/2023\/lo-que-decimos-y-como-lo-decimos-es-muy-importante\/#primaryimage"},"thumbnailUrl":"https:\/\/www.documenta.org.mx\/somos-comunidad\/wp-content\/uploads\/2024\/11\/infografia-2023-1.jpg","datePublished":"2023-11-13T19:48:00+00:00","dateModified":"2024-11-13T20:52:19+00:00","breadcrumb":{"@id":"https:\/\/www.documenta.org.mx\/somos-comunidad\/cambiemos-narrativas\/2023\/lo-que-decimos-y-como-lo-decimos-es-muy-importante\/#breadcrumb"},"inLanguage":"es","potentialAction":[{"@type":"ReadAction","target":["https:\/\/www.documenta.org.mx\/somos-comunidad\/cambiemos-narrativas\/2023\/lo-que-decimos-y-como-lo-decimos-es-muy-importante\/"]}]},{"@type":"ImageObject","inLanguage":"es","@id":"https:\/\/www.documenta.org.mx\/somos-comunidad\/cambiemos-narrativas\/2023\/lo-que-decimos-y-como-lo-decimos-es-muy-importante\/#primaryimage","url":"https:\/\/www.documenta.org.mx\/somos-comunidad\/wp-content\/uploads\/2024\/11\/infografia-2023-1.jpg","contentUrl":"https:\/\/www.documenta.org.mx\/somos-comunidad\/wp-content\/uploads\/2024\/11\/infografia-2023-1.jpg","width":2125,"height":2125,"caption":"Ilustraci\u00f3n tomada de la infograf\u00eda"},{"@type":"BreadcrumbList","@id":"https:\/\/www.documenta.org.mx\/somos-comunidad\/cambiemos-narrativas\/2023\/lo-que-decimos-y-como-lo-decimos-es-muy-importante\/#breadcrumb","itemListElement":[{"@type":"ListItem","position":1,"name":"Inicio","item":"https:\/\/www.documenta.org.mx\/somos-comunidad\/"},{"@type":"ListItem","position":2,"name":"Cambiemos narrativas","item":"https:\/\/www.documenta.org.mx\/somos-comunidad\/categoria\/cambiemos-narrativas\/"},{"@type":"ListItem","position":3,"name":"2023","item":"https:\/\/www.documenta.org.mx\/somos-comunidad\/categoria\/cambiemos-narrativas\/2023\/"},{"@type":"ListItem","position":4,"name":"Lo que decimos y c\u00f3mo lo decimos \u00a1es muy importante!"}]},{"@type":"WebSite","@id":"https:\/\/www.documenta.org.mx\/somos-comunidad\/#website","url":"https:\/\/www.documenta.org.mx\/somos-comunidad\/","name":"\u00a1Somos Comunidad!","description":"Mujeres con discapacidad","publisher":{"@id":"https:\/\/www.documenta.org.mx\/somos-comunidad\/#organization"},"potentialAction":[{"@type":"SearchAction","target":{"@type":"EntryPoint","urlTemplate":"https:\/\/www.documenta.org.mx\/somos-comunidad\/?s={search_term_string}"},"query-input":{"@type":"PropertyValueSpecification","valueRequired":true,"valueName":"search_term_string"}}],"inLanguage":"es"},{"@type":"Organization","@id":"https:\/\/www.documenta.org.mx\/somos-comunidad\/#organization","name":"\u00a1Somos Comunidad!","url":"https:\/\/www.documenta.org.mx\/somos-comunidad\/","logo":{"@type":"ImageObject","inLanguage":"es","@id":"https:\/\/www.documenta.org.mx\/somos-comunidad\/#\/schema\/logo\/image\/","url":"https:\/\/www.documenta.org.mx\/somos-comunidad\/wp-content\/uploads\/2024\/11\/somos-comunidad-logo.png","contentUrl":"https:\/\/www.documenta.org.mx\/somos-comunidad\/wp-content\/uploads\/2024\/11\/somos-comunidad-logo.png","width":500,"height":573,"caption":"\u00a1Somos Comunidad!"},"image":{"@id":"https:\/\/www.documenta.org.mx\/somos-comunidad\/#\/schema\/logo\/image\/"}},{"@type":"Person","@id":"https:\/\/www.documenta.org.mx\/somos-comunidad\/#\/schema\/person\/a0ab378fbb5565ef26e3f16eddc36673","name":"admin","image":{"@type":"ImageObject","inLanguage":"es","@id":"https:\/\/www.documenta.org.mx\/somos-comunidad\/#\/schema\/person\/image\/","url":"https:\/\/secure.gravatar.com\/avatar\/d8ab66389a7cf49a790d64395cb0556ab0a59e9afce0c632741f122dd6264e69?s=96&d=mm&r=g","contentUrl":"https:\/\/secure.gravatar.com\/avatar\/d8ab66389a7cf49a790d64395cb0556ab0a59e9afce0c632741f122dd6264e69?s=96&d=mm&r=g","caption":"admin"},"sameAs":["http:\/\/documenta.org.mx\/somos-comunidad"],"url":"https:\/\/www.documenta.org.mx\/somos-comunidad\/author\/admin\/"}]}},"uagb_featured_image_src":{"full":["https:\/\/www.documenta.org.mx\/somos-comunidad\/wp-content\/uploads\/2024\/11\/infografia-2023-1.jpg",2125,2125,false],"thumbnail":["https:\/\/www.documenta.org.mx\/somos-comunidad\/wp-content\/uploads\/2024\/11\/infografia-2023-1-150x150.jpg",150,150,true],"medium":["https:\/\/www.documenta.org.mx\/somos-comunidad\/wp-content\/uploads\/2024\/11\/infografia-2023-1-300x300.jpg",300,300,true],"medium_large":["https:\/\/www.documenta.org.mx\/somos-comunidad\/wp-content\/uploads\/2024\/11\/infografia-2023-1-768x768.jpg",750,750,true],"large":["https:\/\/www.documenta.org.mx\/somos-comunidad\/wp-content\/uploads\/2024\/11\/infografia-2023-1-1024x1024.jpg",750,750,true],"1536x1536":["https:\/\/www.documenta.org.mx\/somos-comunidad\/wp-content\/uploads\/2024\/11\/infografia-2023-1-1536x1536.jpg",1536,1536,true],"2048x2048":["https:\/\/www.documenta.org.mx\/somos-comunidad\/wp-content\/uploads\/2024\/11\/infografia-2023-1-2048x2048.jpg",2048,2048,true],"post-thumbnail":["https:\/\/www.documenta.org.mx\/somos-comunidad\/wp-content\/uploads\/2024\/11\/infografia-2023-1-1568x1568.jpg",1568,1568,true]},"uagb_author_info":{"display_name":"admin","author_link":"https:\/\/www.documenta.org.mx\/somos-comunidad\/author\/admin\/"},"uagb_comment_info":0,"uagb_excerpt":"Los medios de comunicaci\u00f3n contribuyen a la construcci\u00f3n social de la realidad, nos ense\u00f1an qu\u00e9 comportamientos o expresiones aceptar o rechazar.","_links":{"self":[{"href":"https:\/\/www.documenta.org.mx\/somos-comunidad\/wp-json\/wp\/v2\/posts\/368","targetHints":{"allow":["GET"]}}],"collection":[{"href":"https:\/\/www.documenta.org.mx\/somos-comunidad\/wp-json\/wp\/v2\/posts"}],"about":[{"href":"https:\/\/www.documenta.org.mx\/somos-comunidad\/wp-json\/wp\/v2\/types\/post"}],"author":[{"embeddable":true,"href":"https:\/\/www.documenta.org.mx\/somos-comunidad\/wp-json\/wp\/v2\/users\/1"}],"replies":[{"embeddable":true,"href":"https:\/\/www.documenta.org.mx\/somos-comunidad\/wp-json\/wp\/v2\/comments?post=368"}],"version-history":[{"count":4,"href":"https:\/\/www.documenta.org.mx\/somos-comunidad\/wp-json\/wp\/v2\/posts\/368\/revisions"}],"predecessor-version":[{"id":393,"href":"https:\/\/www.documenta.org.mx\/somos-comunidad\/wp-json\/wp\/v2\/posts\/368\/revisions\/393"}],"wp:featuredmedia":[{"embeddable":true,"href":"https:\/\/www.documenta.org.mx\/somos-comunidad\/wp-json\/wp\/v2\/media\/376"}],"wp:attachment":[{"href":"https:\/\/www.documenta.org.mx\/somos-comunidad\/wp-json\/wp\/v2\/media?parent=368"}],"wp:term":[{"taxonomy":"category","embeddable":true,"href":"https:\/\/www.documenta.org.mx\/somos-comunidad\/wp-json\/wp\/v2\/categories?post=368"},{"taxonomy":"post_tag","embeddable":true,"href":"https:\/\/www.documenta.org.mx\/somos-comunidad\/wp-json\/wp\/v2\/tags?post=368"}],"curies":[{"name":"wp","href":"https:\/\/api.w.org\/{rel}","templated":true}]}}