{"id":355,"date":"2022-11-13T19:26:00","date_gmt":"2022-11-13T19:26:00","guid":{"rendered":"https:\/\/documenta.org.mx\/somos-comunidad\/?p=355"},"modified":"2024-11-13T19:32:16","modified_gmt":"2024-11-13T19:32:16","slug":"reportar-sobre-mujeres-con-discapacidad","status":"publish","type":"post","link":"https:\/\/www.documenta.org.mx\/somos-comunidad\/cambiemos-narrativas\/2022\/reportar-sobre-mujeres-con-discapacidad\/","title":{"rendered":"\u00bfReportar sobre mujeres con discapacidad?"},"content":{"rendered":"\n<div class=\"wp-block-columns alignfull is-layout-flex wp-container-core-columns-is-layout-88098167 wp-block-columns-is-layout-flex\" style=\"padding-right:var(--wp--preset--spacing--30);padding-left:var(--wp--preset--spacing--30)\">\n<div class=\"wp-block-column is-layout-flow wp-block-column-is-layout-flow\">\n<figure class=\"wp-block-image size-large has-lightbox\"><img loading=\"lazy\" decoding=\"async\" width=\"538\" height=\"1024\" src=\"http:\/\/documenta.org.mx\/somos-comunidad\/wp-content\/uploads\/2024\/11\/2022-infografia-reportar-mujeres-discapacidad-538x1024.jpg\" alt=\"Infograf\u00eda: \u00bfReportar sobre mujeres con discapacidad? \" class=\"wp-image-358\" srcset=\"https:\/\/www.documenta.org.mx\/somos-comunidad\/wp-content\/uploads\/2024\/11\/2022-infografia-reportar-mujeres-discapacidad-538x1024.jpg 538w, https:\/\/www.documenta.org.mx\/somos-comunidad\/wp-content\/uploads\/2024\/11\/2022-infografia-reportar-mujeres-discapacidad-158x300.jpg 158w, https:\/\/www.documenta.org.mx\/somos-comunidad\/wp-content\/uploads\/2024\/11\/2022-infografia-reportar-mujeres-discapacidad.jpg 630w\" sizes=\"auto, (max-width: 538px) 100vw, 538px\" \/><\/figure>\n<\/div>\n\n\n\n<div class=\"wp-block-column is-layout-flow wp-block-column-is-layout-flow\">\n<div class=\"wp-block-coblocks-accordion\">\n<div class=\"wp-block-coblocks-accordion-item\" style=\"font-size:22px\"><details open><summary class=\"wp-block-coblocks-accordion-item__title has-background has-color-1-background-color has-text-color has-blanco-color\"><strong>Ver la infograf\u00eda en texto<\/strong><\/summary><div class=\"wp-block-coblocks-accordion-item__content\" style=\"border-color:#e01e9e\">\n<p>En Documenta analizamos diversos medios de comunicaci\u00f3n para saber c\u00f3mo hablan de las mujeres con discapacidad, esto descubrimos:<\/p>\n\n\n\n<ul class=\"wp-block-list\">\n<li>Los medios tradicionales como la televisi\u00f3n, la radio y los peri\u00f3dicos impresos, no hablan sobre ellas, el 96.4% de los medios digitales\u00a0 s\u00ed lo hacen.<\/li>\n\n\n\n<li>El 68.9% de los medios locales le dan cobertura al tema. La entidad que m\u00e1s incluye en su agenda medi\u00e1tica a las mujeres con discapacidad es la Ciudad de M\u00e9xico y las que menos las incluyen son Colima, Jalisco, Quintana Roo y Tabasco.<\/li>\n\n\n\n<li>Solo el 4% de los textos period\u00edsticos\u00a0 encontrados abordan el tema con una investigaci\u00f3n amplia.<\/li>\n<\/ul>\n\n\n\n<p>Esto solo demuestra la importancia de generar espacio en los medios de comunicaci\u00f3n que visibilicen a las mujeres con discapacidad a trav\u00e9s de narrativas respetuosas de sus derechos.<\/p>\n\n\n\n<p class=\"has-small-font-size\"><em>Fuente: Observatorio de Medios y Mujeres con Discapacidad | Nota metodol\u00f3gica: Documenta analiz\u00f3 225 textos period\u00edsticos sobre mujeres con discapacidad en 138 medios de comunicaci\u00f3n publicados del 5 de septiembre al 4 de noviembre de 2022.<\/em><\/p>\n<\/div><\/details><\/div>\n<\/div>\n<\/div>\n<\/div>\n","protected":false},"excerpt":{"rendered":"<p>En Documenta analizamos diversos medios de comunicaci\u00f3n para saber c\u00f3mo hablan de las mujeres con discapacidad, esto descubrimos<\/p>\n","protected":false},"author":1,"featured_media":364,"comment_status":"closed","ping_status":"open","sticky":false,"template":"","format":"standard","meta":{"_coblocks_attr":"","_coblocks_dimensions":"","_coblocks_responsive_height":"","_coblocks_accordion_ie_support":"","_uag_custom_page_level_css":"","_monsterinsights_skip_tracking":false,"_monsterinsights_sitenote_active":false,"_monsterinsights_sitenote_note":"","_monsterinsights_sitenote_category":0,"footnotes":""},"categories":[15],"tags":[],"class_list":["post-355","post","type-post","status-publish","format-standard","has-post-thumbnail","hentry","category-15","entry"],"aioseo_notices":[],"yoast_head":"<!-- This site is optimized with the Yoast SEO plugin v25.0 - https:\/\/yoast.com\/wordpress\/plugins\/seo\/ -->\n<title>\u00bfReportar sobre mujeres con discapacidad? - \u00a1Somos Comunidad!<\/title>\n<meta name=\"description\" content=\"En Documenta analizamos diversos medios de comunicaci\u00f3n para saber c\u00f3mo hablan de las mujeres con discapacidad, esto descubrimos:\" \/>\n<meta name=\"robots\" content=\"index, follow, max-snippet:-1, max-image-preview:large, max-video-preview:-1\" \/>\n<link rel=\"canonical\" href=\"https:\/\/www.documenta.org.mx\/somos-comunidad\/cambiemos-narrativas\/2022\/reportar-sobre-mujeres-con-discapacidad\/\" \/>\n<meta property=\"og:locale\" content=\"es_ES\" \/>\n<meta property=\"og:type\" content=\"article\" \/>\n<meta property=\"og:title\" content=\"\u00bfReportar sobre mujeres con discapacidad? - \u00a1Somos Comunidad!\" \/>\n<meta property=\"og:description\" content=\"En Documenta analizamos diversos medios de comunicaci\u00f3n para saber c\u00f3mo hablan de las mujeres con discapacidad, esto descubrimos:\" \/>\n<meta property=\"og:url\" content=\"https:\/\/www.documenta.org.mx\/somos-comunidad\/cambiemos-narrativas\/2022\/reportar-sobre-mujeres-con-discapacidad\/\" \/>\n<meta property=\"og:site_name\" content=\"\u00a1Somos Comunidad!\" \/>\n<meta property=\"article:published_time\" content=\"2022-11-13T19:26:00+00:00\" \/>\n<meta property=\"article:modified_time\" content=\"2024-11-13T19:32:16+00:00\" \/>\n<meta property=\"og:image\" content=\"https:\/\/www.documenta.org.mx\/somos-comunidad\/wp-content\/uploads\/2022\/11\/infografia-2022-1.jpg\" \/>\n\t<meta property=\"og:image:width\" content=\"426\" \/>\n\t<meta property=\"og:image:height\" content=\"426\" \/>\n\t<meta property=\"og:image:type\" content=\"image\/jpeg\" \/>\n<meta name=\"author\" content=\"admin\" \/>\n<meta name=\"twitter:card\" content=\"summary_large_image\" \/>\n<meta name=\"twitter:label1\" content=\"Escrito por\" \/>\n\t<meta name=\"twitter:data1\" content=\"admin\" \/>\n\t<meta name=\"twitter:label2\" content=\"Tiempo de lectura\" \/>\n\t<meta name=\"twitter:data2\" content=\"2 minutos\" \/>\n<script type=\"application\/ld+json\" class=\"yoast-schema-graph\">{\"@context\":\"https:\/\/schema.org\",\"@graph\":[{\"@type\":\"Article\",\"@id\":\"https:\/\/www.documenta.org.mx\/somos-comunidad\/cambiemos-narrativas\/2022\/reportar-sobre-mujeres-con-discapacidad\/#article\",\"isPartOf\":{\"@id\":\"https:\/\/www.documenta.org.mx\/somos-comunidad\/cambiemos-narrativas\/2022\/reportar-sobre-mujeres-con-discapacidad\/\"},\"author\":{\"name\":\"admin\",\"@id\":\"https:\/\/www.documenta.org.mx\/somos-comunidad\/#\/schema\/person\/a0ab378fbb5565ef26e3f16eddc36673\"},\"headline\":\"\u00bfReportar sobre mujeres con discapacidad?\",\"datePublished\":\"2022-11-13T19:26:00+00:00\",\"dateModified\":\"2024-11-13T19:32:16+00:00\",\"mainEntityOfPage\":{\"@id\":\"https:\/\/www.documenta.org.mx\/somos-comunidad\/cambiemos-narrativas\/2022\/reportar-sobre-mujeres-con-discapacidad\/\"},\"wordCount\":181,\"publisher\":{\"@id\":\"https:\/\/www.documenta.org.mx\/somos-comunidad\/#organization\"},\"image\":{\"@id\":\"https:\/\/www.documenta.org.mx\/somos-comunidad\/cambiemos-narrativas\/2022\/reportar-sobre-mujeres-con-discapacidad\/#primaryimage\"},\"thumbnailUrl\":\"https:\/\/www.documenta.org.mx\/somos-comunidad\/wp-content\/uploads\/2022\/11\/infografia-2022-1.jpg\",\"articleSection\":[\"2022\"],\"inLanguage\":\"es\"},{\"@type\":\"WebPage\",\"@id\":\"https:\/\/www.documenta.org.mx\/somos-comunidad\/cambiemos-narrativas\/2022\/reportar-sobre-mujeres-con-discapacidad\/\",\"url\":\"https:\/\/www.documenta.org.mx\/somos-comunidad\/cambiemos-narrativas\/2022\/reportar-sobre-mujeres-con-discapacidad\/\",\"name\":\"\u00bfReportar sobre mujeres con discapacidad? - \u00a1Somos Comunidad!\",\"isPartOf\":{\"@id\":\"https:\/\/www.documenta.org.mx\/somos-comunidad\/#website\"},\"primaryImageOfPage\":{\"@id\":\"https:\/\/www.documenta.org.mx\/somos-comunidad\/cambiemos-narrativas\/2022\/reportar-sobre-mujeres-con-discapacidad\/#primaryimage\"},\"image\":{\"@id\":\"https:\/\/www.documenta.org.mx\/somos-comunidad\/cambiemos-narrativas\/2022\/reportar-sobre-mujeres-con-discapacidad\/#primaryimage\"},\"thumbnailUrl\":\"https:\/\/www.documenta.org.mx\/somos-comunidad\/wp-content\/uploads\/2022\/11\/infografia-2022-1.jpg\",\"datePublished\":\"2022-11-13T19:26:00+00:00\",\"dateModified\":\"2024-11-13T19:32:16+00:00\",\"description\":\"En Documenta analizamos diversos medios de comunicaci\u00f3n para saber c\u00f3mo hablan de las mujeres con discapacidad, esto descubrimos:\",\"breadcrumb\":{\"@id\":\"https:\/\/www.documenta.org.mx\/somos-comunidad\/cambiemos-narrativas\/2022\/reportar-sobre-mujeres-con-discapacidad\/#breadcrumb\"},\"inLanguage\":\"es\",\"potentialAction\":[{\"@type\":\"ReadAction\",\"target\":[\"https:\/\/www.documenta.org.mx\/somos-comunidad\/cambiemos-narrativas\/2022\/reportar-sobre-mujeres-con-discapacidad\/\"]}]},{\"@type\":\"ImageObject\",\"inLanguage\":\"es\",\"@id\":\"https:\/\/www.documenta.org.mx\/somos-comunidad\/cambiemos-narrativas\/2022\/reportar-sobre-mujeres-con-discapacidad\/#primaryimage\",\"url\":\"https:\/\/www.documenta.org.mx\/somos-comunidad\/wp-content\/uploads\/2022\/11\/infografia-2022-1.jpg\",\"contentUrl\":\"https:\/\/www.documenta.org.mx\/somos-comunidad\/wp-content\/uploads\/2022\/11\/infografia-2022-1.jpg\",\"width\":426,\"height\":426,\"caption\":\"Ilustraci\u00f3n tomada de la infograf\u00eda\"},{\"@type\":\"BreadcrumbList\",\"@id\":\"https:\/\/www.documenta.org.mx\/somos-comunidad\/cambiemos-narrativas\/2022\/reportar-sobre-mujeres-con-discapacidad\/#breadcrumb\",\"itemListElement\":[{\"@type\":\"ListItem\",\"position\":1,\"name\":\"Inicio\",\"item\":\"https:\/\/www.documenta.org.mx\/somos-comunidad\/\"},{\"@type\":\"ListItem\",\"position\":2,\"name\":\"Cambiemos narrativas\",\"item\":\"https:\/\/www.documenta.org.mx\/somos-comunidad\/categoria\/cambiemos-narrativas\/\"},{\"@type\":\"ListItem\",\"position\":3,\"name\":\"2022\",\"item\":\"https:\/\/www.documenta.org.mx\/somos-comunidad\/categoria\/cambiemos-narrativas\/2022\/\"},{\"@type\":\"ListItem\",\"position\":4,\"name\":\"\u00bfReportar sobre mujeres con discapacidad?\"}]},{\"@type\":\"WebSite\",\"@id\":\"https:\/\/www.documenta.org.mx\/somos-comunidad\/#website\",\"url\":\"https:\/\/www.documenta.org.mx\/somos-comunidad\/\",\"name\":\"\u00a1Somos Comunidad!\",\"description\":\"Mujeres con discapacidad\",\"publisher\":{\"@id\":\"https:\/\/www.documenta.org.mx\/somos-comunidad\/#organization\"},\"potentialAction\":[{\"@type\":\"SearchAction\",\"target\":{\"@type\":\"EntryPoint\",\"urlTemplate\":\"https:\/\/www.documenta.org.mx\/somos-comunidad\/?s={search_term_string}\"},\"query-input\":{\"@type\":\"PropertyValueSpecification\",\"valueRequired\":true,\"valueName\":\"search_term_string\"}}],\"inLanguage\":\"es\"},{\"@type\":\"Organization\",\"@id\":\"https:\/\/www.documenta.org.mx\/somos-comunidad\/#organization\",\"name\":\"\u00a1Somos Comunidad!\",\"url\":\"https:\/\/www.documenta.org.mx\/somos-comunidad\/\",\"logo\":{\"@type\":\"ImageObject\",\"inLanguage\":\"es\",\"@id\":\"https:\/\/www.documenta.org.mx\/somos-comunidad\/#\/schema\/logo\/image\/\",\"url\":\"https:\/\/www.documenta.org.mx\/somos-comunidad\/wp-content\/uploads\/2024\/11\/somos-comunidad-logo.png\",\"contentUrl\":\"https:\/\/www.documenta.org.mx\/somos-comunidad\/wp-content\/uploads\/2024\/11\/somos-comunidad-logo.png\",\"width\":500,\"height\":573,\"caption\":\"\u00a1Somos Comunidad!\"},\"image\":{\"@id\":\"https:\/\/www.documenta.org.mx\/somos-comunidad\/#\/schema\/logo\/image\/\"}},{\"@type\":\"Person\",\"@id\":\"https:\/\/www.documenta.org.mx\/somos-comunidad\/#\/schema\/person\/a0ab378fbb5565ef26e3f16eddc36673\",\"name\":\"admin\",\"image\":{\"@type\":\"ImageObject\",\"inLanguage\":\"es\",\"@id\":\"https:\/\/www.documenta.org.mx\/somos-comunidad\/#\/schema\/person\/image\/\",\"url\":\"https:\/\/secure.gravatar.com\/avatar\/d8ab66389a7cf49a790d64395cb0556ab0a59e9afce0c632741f122dd6264e69?s=96&d=mm&r=g\",\"contentUrl\":\"https:\/\/secure.gravatar.com\/avatar\/d8ab66389a7cf49a790d64395cb0556ab0a59e9afce0c632741f122dd6264e69?s=96&d=mm&r=g\",\"caption\":\"admin\"},\"sameAs\":[\"http:\/\/documenta.org.mx\/somos-comunidad\"],\"url\":\"https:\/\/www.documenta.org.mx\/somos-comunidad\/author\/admin\/\"}]}<\/script>\n<!-- \/ Yoast SEO plugin. -->","yoast_head_json":{"title":"\u00bfReportar sobre mujeres con discapacidad? - \u00a1Somos Comunidad!","description":"En Documenta analizamos diversos medios de comunicaci\u00f3n para saber c\u00f3mo hablan de las mujeres con discapacidad, esto descubrimos:","robots":{"index":"index","follow":"follow","max-snippet":"max-snippet:-1","max-image-preview":"max-image-preview:large","max-video-preview":"max-video-preview:-1"},"canonical":"https:\/\/www.documenta.org.mx\/somos-comunidad\/cambiemos-narrativas\/2022\/reportar-sobre-mujeres-con-discapacidad\/","og_locale":"es_ES","og_type":"article","og_title":"\u00bfReportar sobre mujeres con discapacidad? - \u00a1Somos Comunidad!","og_description":"En Documenta analizamos diversos medios de comunicaci\u00f3n para saber c\u00f3mo hablan de las mujeres con discapacidad, esto descubrimos:","og_url":"https:\/\/www.documenta.org.mx\/somos-comunidad\/cambiemos-narrativas\/2022\/reportar-sobre-mujeres-con-discapacidad\/","og_site_name":"\u00a1Somos Comunidad!","article_published_time":"2022-11-13T19:26:00+00:00","article_modified_time":"2024-11-13T19:32:16+00:00","og_image":[{"width":426,"height":426,"url":"https:\/\/www.documenta.org.mx\/somos-comunidad\/wp-content\/uploads\/2022\/11\/infografia-2022-1.jpg","type":"image\/jpeg"}],"author":"admin","twitter_card":"summary_large_image","twitter_misc":{"Escrito por":"admin","Tiempo de lectura":"2 minutos"},"schema":{"@context":"https:\/\/schema.org","@graph":[{"@type":"Article","@id":"https:\/\/www.documenta.org.mx\/somos-comunidad\/cambiemos-narrativas\/2022\/reportar-sobre-mujeres-con-discapacidad\/#article","isPartOf":{"@id":"https:\/\/www.documenta.org.mx\/somos-comunidad\/cambiemos-narrativas\/2022\/reportar-sobre-mujeres-con-discapacidad\/"},"author":{"name":"admin","@id":"https:\/\/www.documenta.org.mx\/somos-comunidad\/#\/schema\/person\/a0ab378fbb5565ef26e3f16eddc36673"},"headline":"\u00bfReportar sobre mujeres con discapacidad?","datePublished":"2022-11-13T19:26:00+00:00","dateModified":"2024-11-13T19:32:16+00:00","mainEntityOfPage":{"@id":"https:\/\/www.documenta.org.mx\/somos-comunidad\/cambiemos-narrativas\/2022\/reportar-sobre-mujeres-con-discapacidad\/"},"wordCount":181,"publisher":{"@id":"https:\/\/www.documenta.org.mx\/somos-comunidad\/#organization"},"image":{"@id":"https:\/\/www.documenta.org.mx\/somos-comunidad\/cambiemos-narrativas\/2022\/reportar-sobre-mujeres-con-discapacidad\/#primaryimage"},"thumbnailUrl":"https:\/\/www.documenta.org.mx\/somos-comunidad\/wp-content\/uploads\/2022\/11\/infografia-2022-1.jpg","articleSection":["2022"],"inLanguage":"es"},{"@type":"WebPage","@id":"https:\/\/www.documenta.org.mx\/somos-comunidad\/cambiemos-narrativas\/2022\/reportar-sobre-mujeres-con-discapacidad\/","url":"https:\/\/www.documenta.org.mx\/somos-comunidad\/cambiemos-narrativas\/2022\/reportar-sobre-mujeres-con-discapacidad\/","name":"\u00bfReportar sobre mujeres con discapacidad? - \u00a1Somos Comunidad!","isPartOf":{"@id":"https:\/\/www.documenta.org.mx\/somos-comunidad\/#website"},"primaryImageOfPage":{"@id":"https:\/\/www.documenta.org.mx\/somos-comunidad\/cambiemos-narrativas\/2022\/reportar-sobre-mujeres-con-discapacidad\/#primaryimage"},"image":{"@id":"https:\/\/www.documenta.org.mx\/somos-comunidad\/cambiemos-narrativas\/2022\/reportar-sobre-mujeres-con-discapacidad\/#primaryimage"},"thumbnailUrl":"https:\/\/www.documenta.org.mx\/somos-comunidad\/wp-content\/uploads\/2022\/11\/infografia-2022-1.jpg","datePublished":"2022-11-13T19:26:00+00:00","dateModified":"2024-11-13T19:32:16+00:00","description":"En Documenta analizamos diversos medios de comunicaci\u00f3n para saber c\u00f3mo hablan de las mujeres con discapacidad, esto descubrimos:","breadcrumb":{"@id":"https:\/\/www.documenta.org.mx\/somos-comunidad\/cambiemos-narrativas\/2022\/reportar-sobre-mujeres-con-discapacidad\/#breadcrumb"},"inLanguage":"es","potentialAction":[{"@type":"ReadAction","target":["https:\/\/www.documenta.org.mx\/somos-comunidad\/cambiemos-narrativas\/2022\/reportar-sobre-mujeres-con-discapacidad\/"]}]},{"@type":"ImageObject","inLanguage":"es","@id":"https:\/\/www.documenta.org.mx\/somos-comunidad\/cambiemos-narrativas\/2022\/reportar-sobre-mujeres-con-discapacidad\/#primaryimage","url":"https:\/\/www.documenta.org.mx\/somos-comunidad\/wp-content\/uploads\/2022\/11\/infografia-2022-1.jpg","contentUrl":"https:\/\/www.documenta.org.mx\/somos-comunidad\/wp-content\/uploads\/2022\/11\/infografia-2022-1.jpg","width":426,"height":426,"caption":"Ilustraci\u00f3n tomada de la infograf\u00eda"},{"@type":"BreadcrumbList","@id":"https:\/\/www.documenta.org.mx\/somos-comunidad\/cambiemos-narrativas\/2022\/reportar-sobre-mujeres-con-discapacidad\/#breadcrumb","itemListElement":[{"@type":"ListItem","position":1,"name":"Inicio","item":"https:\/\/www.documenta.org.mx\/somos-comunidad\/"},{"@type":"ListItem","position":2,"name":"Cambiemos narrativas","item":"https:\/\/www.documenta.org.mx\/somos-comunidad\/categoria\/cambiemos-narrativas\/"},{"@type":"ListItem","position":3,"name":"2022","item":"https:\/\/www.documenta.org.mx\/somos-comunidad\/categoria\/cambiemos-narrativas\/2022\/"},{"@type":"ListItem","position":4,"name":"\u00bfReportar sobre mujeres con discapacidad?"}]},{"@type":"WebSite","@id":"https:\/\/www.documenta.org.mx\/somos-comunidad\/#website","url":"https:\/\/www.documenta.org.mx\/somos-comunidad\/","name":"\u00a1Somos Comunidad!","description":"Mujeres con discapacidad","publisher":{"@id":"https:\/\/www.documenta.org.mx\/somos-comunidad\/#organization"},"potentialAction":[{"@type":"SearchAction","target":{"@type":"EntryPoint","urlTemplate":"https:\/\/www.documenta.org.mx\/somos-comunidad\/?s={search_term_string}"},"query-input":{"@type":"PropertyValueSpecification","valueRequired":true,"valueName":"search_term_string"}}],"inLanguage":"es"},{"@type":"Organization","@id":"https:\/\/www.documenta.org.mx\/somos-comunidad\/#organization","name":"\u00a1Somos Comunidad!","url":"https:\/\/www.documenta.org.mx\/somos-comunidad\/","logo":{"@type":"ImageObject","inLanguage":"es","@id":"https:\/\/www.documenta.org.mx\/somos-comunidad\/#\/schema\/logo\/image\/","url":"https:\/\/www.documenta.org.mx\/somos-comunidad\/wp-content\/uploads\/2024\/11\/somos-comunidad-logo.png","contentUrl":"https:\/\/www.documenta.org.mx\/somos-comunidad\/wp-content\/uploads\/2024\/11\/somos-comunidad-logo.png","width":500,"height":573,"caption":"\u00a1Somos Comunidad!"},"image":{"@id":"https:\/\/www.documenta.org.mx\/somos-comunidad\/#\/schema\/logo\/image\/"}},{"@type":"Person","@id":"https:\/\/www.documenta.org.mx\/somos-comunidad\/#\/schema\/person\/a0ab378fbb5565ef26e3f16eddc36673","name":"admin","image":{"@type":"ImageObject","inLanguage":"es","@id":"https:\/\/www.documenta.org.mx\/somos-comunidad\/#\/schema\/person\/image\/","url":"https:\/\/secure.gravatar.com\/avatar\/d8ab66389a7cf49a790d64395cb0556ab0a59e9afce0c632741f122dd6264e69?s=96&d=mm&r=g","contentUrl":"https:\/\/secure.gravatar.com\/avatar\/d8ab66389a7cf49a790d64395cb0556ab0a59e9afce0c632741f122dd6264e69?s=96&d=mm&r=g","caption":"admin"},"sameAs":["http:\/\/documenta.org.mx\/somos-comunidad"],"url":"https:\/\/www.documenta.org.mx\/somos-comunidad\/author\/admin\/"}]}},"uagb_featured_image_src":{"full":["https:\/\/www.documenta.org.mx\/somos-comunidad\/wp-content\/uploads\/2022\/11\/infografia-2022-1.jpg",426,426,false],"thumbnail":["https:\/\/www.documenta.org.mx\/somos-comunidad\/wp-content\/uploads\/2022\/11\/infografia-2022-1-150x150.jpg",150,150,true],"medium":["https:\/\/www.documenta.org.mx\/somos-comunidad\/wp-content\/uploads\/2022\/11\/infografia-2022-1-300x300.jpg",300,300,true],"medium_large":["https:\/\/www.documenta.org.mx\/somos-comunidad\/wp-content\/uploads\/2022\/11\/infografia-2022-1.jpg",426,426,false],"large":["https:\/\/www.documenta.org.mx\/somos-comunidad\/wp-content\/uploads\/2022\/11\/infografia-2022-1.jpg",426,426,false],"1536x1536":["https:\/\/www.documenta.org.mx\/somos-comunidad\/wp-content\/uploads\/2022\/11\/infografia-2022-1.jpg",426,426,false],"2048x2048":["https:\/\/www.documenta.org.mx\/somos-comunidad\/wp-content\/uploads\/2022\/11\/infografia-2022-1.jpg",426,426,false],"post-thumbnail":["https:\/\/www.documenta.org.mx\/somos-comunidad\/wp-content\/uploads\/2022\/11\/infografia-2022-1.jpg",426,426,false]},"uagb_author_info":{"display_name":"admin","author_link":"https:\/\/www.documenta.org.mx\/somos-comunidad\/author\/admin\/"},"uagb_comment_info":0,"uagb_excerpt":"En Documenta analizamos diversos medios de comunicaci\u00f3n para saber c\u00f3mo hablan de las mujeres con discapacidad, esto descubrimos","_links":{"self":[{"href":"https:\/\/www.documenta.org.mx\/somos-comunidad\/wp-json\/wp\/v2\/posts\/355","targetHints":{"allow":["GET"]}}],"collection":[{"href":"https:\/\/www.documenta.org.mx\/somos-comunidad\/wp-json\/wp\/v2\/posts"}],"about":[{"href":"https:\/\/www.documenta.org.mx\/somos-comunidad\/wp-json\/wp\/v2\/types\/post"}],"author":[{"embeddable":true,"href":"https:\/\/www.documenta.org.mx\/somos-comunidad\/wp-json\/wp\/v2\/users\/1"}],"replies":[{"embeddable":true,"href":"https:\/\/www.documenta.org.mx\/somos-comunidad\/wp-json\/wp\/v2\/comments?post=355"}],"version-history":[{"count":2,"href":"https:\/\/www.documenta.org.mx\/somos-comunidad\/wp-json\/wp\/v2\/posts\/355\/revisions"}],"predecessor-version":[{"id":367,"href":"https:\/\/www.documenta.org.mx\/somos-comunidad\/wp-json\/wp\/v2\/posts\/355\/revisions\/367"}],"wp:featuredmedia":[{"embeddable":true,"href":"https:\/\/www.documenta.org.mx\/somos-comunidad\/wp-json\/wp\/v2\/media\/364"}],"wp:attachment":[{"href":"https:\/\/www.documenta.org.mx\/somos-comunidad\/wp-json\/wp\/v2\/media?parent=355"}],"wp:term":[{"taxonomy":"category","embeddable":true,"href":"https:\/\/www.documenta.org.mx\/somos-comunidad\/wp-json\/wp\/v2\/categories?post=355"},{"taxonomy":"post_tag","embeddable":true,"href":"https:\/\/www.documenta.org.mx\/somos-comunidad\/wp-json\/wp\/v2\/tags?post=355"}],"curies":[{"name":"wp","href":"https:\/\/api.w.org\/{rel}","templated":true}]}}