{"id":354,"date":"2022-11-13T19:20:00","date_gmt":"2022-11-13T19:20:00","guid":{"rendered":"https:\/\/documenta.org.mx\/somos-comunidad\/?p=354"},"modified":"2024-11-13T19:32:25","modified_gmt":"2024-11-13T19:32:25","slug":"cual-es-la-forma-en-la-que-los-medios-de-comunicacion-representan-a-las-mujeres-con-discapacidad","status":"publish","type":"post","link":"https:\/\/www.documenta.org.mx\/somos-comunidad\/cambiemos-narrativas\/2022\/cual-es-la-forma-en-la-que-los-medios-de-comunicacion-representan-a-las-mujeres-con-discapacidad\/","title":{"rendered":"\u00bfCu\u00e1l es la forma en la que los medios de comunicaci\u00f3n representan a las mujeres con discapacidad?"},"content":{"rendered":"\n<div class=\"wp-block-columns alignfull is-layout-flex wp-container-core-columns-is-layout-88098167 wp-block-columns-is-layout-flex\" style=\"padding-right:var(--wp--preset--spacing--30);padding-left:var(--wp--preset--spacing--30)\">\n<div class=\"wp-block-column is-layout-flow wp-block-column-is-layout-flow\">\n<figure class=\"wp-block-image size-large has-lightbox has-lightbox\"><img loading=\"lazy\" decoding=\"async\" width=\"538\" height=\"1024\" src=\"http:\/\/documenta.org.mx\/somos-comunidad\/wp-content\/uploads\/2024\/11\/2022-infografia-forma-medios-representan-mujeres-discapacidad-538x1024.jpg\" alt=\"Infograf\u00eda: \u00bfCu\u00e1l es la forma en la que los medios de comunicaci\u00f3n representan a las mujeres con discapacidad?\" class=\"wp-image-357\" srcset=\"https:\/\/www.documenta.org.mx\/somos-comunidad\/wp-content\/uploads\/2024\/11\/2022-infografia-forma-medios-representan-mujeres-discapacidad-538x1024.jpg 538w, https:\/\/www.documenta.org.mx\/somos-comunidad\/wp-content\/uploads\/2024\/11\/2022-infografia-forma-medios-representan-mujeres-discapacidad-158x300.jpg 158w, https:\/\/www.documenta.org.mx\/somos-comunidad\/wp-content\/uploads\/2024\/11\/2022-infografia-forma-medios-representan-mujeres-discapacidad.jpg 630w\" sizes=\"auto, (max-width: 538px) 100vw, 538px\" \/><\/figure>\n<\/div>\n\n\n\n<div class=\"wp-block-column is-layout-flow wp-block-column-is-layout-flow\">\n<div class=\"wp-block-coblocks-accordion\">\n<div class=\"wp-block-coblocks-accordion-item\" style=\"font-size:22px\"><details open><summary class=\"wp-block-coblocks-accordion-item__title has-background has-color-1-background-color has-text-color has-blanco-color\"><strong>Ver la infograf\u00eda en texto<\/strong><\/summary><div class=\"wp-block-coblocks-accordion-item__content\" style=\"border-color:#e01e9e\">\n<p>De los textos analizados, 68.9% utilizan un lenguaje incluyente al hablar de las mujeres con discapacidad. El resto todav\u00eda utiliza t\u00e9rminos estigmatizantes.<\/p>\n\n\n\n<p>De las notas que contienen elementos multimedia, el 9.3% muestra a las mujeres con discapacidad en estado pasivo, en espera, en sufrimiento o como objetos de caridad.<\/p>\n\n\n\n<p>\u00bfInfluye el sexo de quien escribe la nota?<\/p>\n\n\n\n<ul class=\"wp-block-list\">\n<li>En el 3.6% de las notas firmadas por hombres periodistas la discapacidad se asocia a un padecimiento o enfermedad, frente al 1.8% de las notas firmadas por mujeres.<\/li>\n\n\n\n<li>En el 3.11% de las notas firmadas por ellos la discapacidad se aborda como un modo de superaci\u00f3n personal o inspiracional, frente al 0.9% de las notas firmadas por ellas.<\/li>\n<\/ul>\n\n\n\n<p><a><\/a>Los medios de comunicaci\u00f3n pueden ser aliados en la eliminaci\u00f3n de estereotipos y prejuicios contra las mujeres con discapacidad, por eso es esencial que integren la perspectiva de g\u00e9nero y el enfoque de discapacidad.<\/p>\n\n\n\n<p class=\"has-small-font-size\"><em>Fuente: Observatorio de Medios y Mujeres con Discapacidad | Nota metodol\u00f3gica: Documenta analiz\u00f3 225 textos period\u00edsticos sobre mujeres con discapacidad en 138 medios de comunicaci\u00f3n publicados del 5 de septiembre al 4 de noviembre de 2022.<\/em><\/p>\n<\/div><\/details><\/div>\n<\/div>\n<\/div>\n<\/div>\n","protected":false},"excerpt":{"rendered":"<p>Los medios de comunicaci\u00f3n pueden ser aliados en la eliminaci\u00f3n de estereotipos y prejuicios contra las mujeres con discapacidad, por eso es esencial que integren la perspectiva de g\u00e9nero y el enfoque de discapacidad.<\/p>\n","protected":false},"author":1,"featured_media":365,"comment_status":"closed","ping_status":"open","sticky":false,"template":"","format":"standard","meta":{"_coblocks_attr":"","_coblocks_dimensions":"","_coblocks_responsive_height":"","_coblocks_accordion_ie_support":"","_uag_custom_page_level_css":"","_monsterinsights_skip_tracking":false,"_monsterinsights_sitenote_active":false,"_monsterinsights_sitenote_note":"","_monsterinsights_sitenote_category":0,"footnotes":""},"categories":[15],"tags":[],"class_list":["post-354","post","type-post","status-publish","format-standard","has-post-thumbnail","hentry","category-15","entry"],"aioseo_notices":[],"yoast_head":"<!-- This site is optimized with the Yoast SEO plugin v25.0 - https:\/\/yoast.com\/wordpress\/plugins\/seo\/ -->\n<title>\u00bfCu\u00e1l es la forma en la que los medios de comunicaci\u00f3n representan a las mujeres con discapacidad? - \u00a1Somos Comunidad!<\/title>\n<meta name=\"description\" content=\"Los medios de comunicaci\u00f3n pueden ser aliados en la eliminaci\u00f3n de estereotipos y prejuicios contra las mujeres con discapacidad, por eso es esencial que integren la perspectiva de g\u00e9nero y el enfoque de discapacidad.\" \/>\n<meta name=\"robots\" content=\"index, follow, max-snippet:-1, max-image-preview:large, max-video-preview:-1\" \/>\n<link rel=\"canonical\" href=\"https:\/\/www.documenta.org.mx\/somos-comunidad\/cambiemos-narrativas\/2022\/cual-es-la-forma-en-la-que-los-medios-de-comunicacion-representan-a-las-mujeres-con-discapacidad\/\" \/>\n<meta property=\"og:locale\" content=\"es_ES\" \/>\n<meta property=\"og:type\" content=\"article\" \/>\n<meta property=\"og:title\" content=\"\u00bfCu\u00e1l es la forma en la que los medios de comunicaci\u00f3n representan a las mujeres con discapacidad? - \u00a1Somos Comunidad!\" \/>\n<meta property=\"og:description\" content=\"Los medios de comunicaci\u00f3n pueden ser aliados en la eliminaci\u00f3n de estereotipos y prejuicios contra las mujeres con discapacidad, por eso es esencial que integren la perspectiva de g\u00e9nero y el enfoque de discapacidad.\" \/>\n<meta property=\"og:url\" content=\"https:\/\/www.documenta.org.mx\/somos-comunidad\/cambiemos-narrativas\/2022\/cual-es-la-forma-en-la-que-los-medios-de-comunicacion-representan-a-las-mujeres-con-discapacidad\/\" \/>\n<meta property=\"og:site_name\" content=\"\u00a1Somos Comunidad!\" \/>\n<meta property=\"article:published_time\" content=\"2022-11-13T19:20:00+00:00\" \/>\n<meta property=\"article:modified_time\" content=\"2024-11-13T19:32:25+00:00\" \/>\n<meta property=\"og:image\" content=\"https:\/\/www.documenta.org.mx\/somos-comunidad\/wp-content\/uploads\/2022\/11\/infografia-2022-2.jpg\" \/>\n\t<meta property=\"og:image:width\" content=\"366\" \/>\n\t<meta property=\"og:image:height\" content=\"366\" \/>\n\t<meta property=\"og:image:type\" content=\"image\/jpeg\" \/>\n<meta name=\"author\" content=\"admin\" \/>\n<meta name=\"twitter:card\" content=\"summary_large_image\" \/>\n<meta name=\"twitter:label1\" content=\"Escrito por\" \/>\n\t<meta name=\"twitter:data1\" content=\"admin\" \/>\n\t<meta name=\"twitter:label2\" content=\"Tiempo de lectura\" \/>\n\t<meta name=\"twitter:data2\" content=\"2 minutos\" \/>\n<script type=\"application\/ld+json\" class=\"yoast-schema-graph\">{\"@context\":\"https:\/\/schema.org\",\"@graph\":[{\"@type\":\"Article\",\"@id\":\"https:\/\/www.documenta.org.mx\/somos-comunidad\/cambiemos-narrativas\/2022\/cual-es-la-forma-en-la-que-los-medios-de-comunicacion-representan-a-las-mujeres-con-discapacidad\/#article\",\"isPartOf\":{\"@id\":\"https:\/\/www.documenta.org.mx\/somos-comunidad\/cambiemos-narrativas\/2022\/cual-es-la-forma-en-la-que-los-medios-de-comunicacion-representan-a-las-mujeres-con-discapacidad\/\"},\"author\":{\"name\":\"admin\",\"@id\":\"https:\/\/www.documenta.org.mx\/somos-comunidad\/#\/schema\/person\/a0ab378fbb5565ef26e3f16eddc36673\"},\"headline\":\"\u00bfCu\u00e1l es la forma en la que los medios de comunicaci\u00f3n representan a las mujeres con discapacidad?\",\"datePublished\":\"2022-11-13T19:20:00+00:00\",\"dateModified\":\"2024-11-13T19:32:25+00:00\",\"mainEntityOfPage\":{\"@id\":\"https:\/\/www.documenta.org.mx\/somos-comunidad\/cambiemos-narrativas\/2022\/cual-es-la-forma-en-la-que-los-medios-de-comunicacion-representan-a-las-mujeres-con-discapacidad\/\"},\"wordCount\":207,\"publisher\":{\"@id\":\"https:\/\/www.documenta.org.mx\/somos-comunidad\/#organization\"},\"image\":{\"@id\":\"https:\/\/www.documenta.org.mx\/somos-comunidad\/cambiemos-narrativas\/2022\/cual-es-la-forma-en-la-que-los-medios-de-comunicacion-representan-a-las-mujeres-con-discapacidad\/#primaryimage\"},\"thumbnailUrl\":\"https:\/\/www.documenta.org.mx\/somos-comunidad\/wp-content\/uploads\/2022\/11\/infografia-2022-2.jpg\",\"articleSection\":[\"2022\"],\"inLanguage\":\"es\"},{\"@type\":\"WebPage\",\"@id\":\"https:\/\/www.documenta.org.mx\/somos-comunidad\/cambiemos-narrativas\/2022\/cual-es-la-forma-en-la-que-los-medios-de-comunicacion-representan-a-las-mujeres-con-discapacidad\/\",\"url\":\"https:\/\/www.documenta.org.mx\/somos-comunidad\/cambiemos-narrativas\/2022\/cual-es-la-forma-en-la-que-los-medios-de-comunicacion-representan-a-las-mujeres-con-discapacidad\/\",\"name\":\"\u00bfCu\u00e1l es la forma en la que los medios de comunicaci\u00f3n representan a las mujeres con discapacidad? - \u00a1Somos Comunidad!\",\"isPartOf\":{\"@id\":\"https:\/\/www.documenta.org.mx\/somos-comunidad\/#website\"},\"primaryImageOfPage\":{\"@id\":\"https:\/\/www.documenta.org.mx\/somos-comunidad\/cambiemos-narrativas\/2022\/cual-es-la-forma-en-la-que-los-medios-de-comunicacion-representan-a-las-mujeres-con-discapacidad\/#primaryimage\"},\"image\":{\"@id\":\"https:\/\/www.documenta.org.mx\/somos-comunidad\/cambiemos-narrativas\/2022\/cual-es-la-forma-en-la-que-los-medios-de-comunicacion-representan-a-las-mujeres-con-discapacidad\/#primaryimage\"},\"thumbnailUrl\":\"https:\/\/www.documenta.org.mx\/somos-comunidad\/wp-content\/uploads\/2022\/11\/infografia-2022-2.jpg\",\"datePublished\":\"2022-11-13T19:20:00+00:00\",\"dateModified\":\"2024-11-13T19:32:25+00:00\",\"description\":\"Los medios de comunicaci\u00f3n pueden ser aliados en la eliminaci\u00f3n de estereotipos y prejuicios contra las mujeres con discapacidad, por eso es esencial que integren la perspectiva de g\u00e9nero y el enfoque de discapacidad.\",\"breadcrumb\":{\"@id\":\"https:\/\/www.documenta.org.mx\/somos-comunidad\/cambiemos-narrativas\/2022\/cual-es-la-forma-en-la-que-los-medios-de-comunicacion-representan-a-las-mujeres-con-discapacidad\/#breadcrumb\"},\"inLanguage\":\"es\",\"potentialAction\":[{\"@type\":\"ReadAction\",\"target\":[\"https:\/\/www.documenta.org.mx\/somos-comunidad\/cambiemos-narrativas\/2022\/cual-es-la-forma-en-la-que-los-medios-de-comunicacion-representan-a-las-mujeres-con-discapacidad\/\"]}]},{\"@type\":\"ImageObject\",\"inLanguage\":\"es\",\"@id\":\"https:\/\/www.documenta.org.mx\/somos-comunidad\/cambiemos-narrativas\/2022\/cual-es-la-forma-en-la-que-los-medios-de-comunicacion-representan-a-las-mujeres-con-discapacidad\/#primaryimage\",\"url\":\"https:\/\/www.documenta.org.mx\/somos-comunidad\/wp-content\/uploads\/2022\/11\/infografia-2022-2.jpg\",\"contentUrl\":\"https:\/\/www.documenta.org.mx\/somos-comunidad\/wp-content\/uploads\/2022\/11\/infografia-2022-2.jpg\",\"width\":366,\"height\":366,\"caption\":\"Ilustraci\u00f3n tomada de la infograf\u00eda\"},{\"@type\":\"BreadcrumbList\",\"@id\":\"https:\/\/www.documenta.org.mx\/somos-comunidad\/cambiemos-narrativas\/2022\/cual-es-la-forma-en-la-que-los-medios-de-comunicacion-representan-a-las-mujeres-con-discapacidad\/#breadcrumb\",\"itemListElement\":[{\"@type\":\"ListItem\",\"position\":1,\"name\":\"Inicio\",\"item\":\"https:\/\/www.documenta.org.mx\/somos-comunidad\/\"},{\"@type\":\"ListItem\",\"position\":2,\"name\":\"Cambiemos narrativas\",\"item\":\"https:\/\/www.documenta.org.mx\/somos-comunidad\/categoria\/cambiemos-narrativas\/\"},{\"@type\":\"ListItem\",\"position\":3,\"name\":\"2022\",\"item\":\"https:\/\/www.documenta.org.mx\/somos-comunidad\/categoria\/cambiemos-narrativas\/2022\/\"},{\"@type\":\"ListItem\",\"position\":4,\"name\":\"\u00bfCu\u00e1l es la forma en la que los medios de comunicaci\u00f3n representan a las mujeres con discapacidad?\"}]},{\"@type\":\"WebSite\",\"@id\":\"https:\/\/www.documenta.org.mx\/somos-comunidad\/#website\",\"url\":\"https:\/\/www.documenta.org.mx\/somos-comunidad\/\",\"name\":\"\u00a1Somos Comunidad!\",\"description\":\"Mujeres con discapacidad\",\"publisher\":{\"@id\":\"https:\/\/www.documenta.org.mx\/somos-comunidad\/#organization\"},\"potentialAction\":[{\"@type\":\"SearchAction\",\"target\":{\"@type\":\"EntryPoint\",\"urlTemplate\":\"https:\/\/www.documenta.org.mx\/somos-comunidad\/?s={search_term_string}\"},\"query-input\":{\"@type\":\"PropertyValueSpecification\",\"valueRequired\":true,\"valueName\":\"search_term_string\"}}],\"inLanguage\":\"es\"},{\"@type\":\"Organization\",\"@id\":\"https:\/\/www.documenta.org.mx\/somos-comunidad\/#organization\",\"name\":\"\u00a1Somos Comunidad!\",\"url\":\"https:\/\/www.documenta.org.mx\/somos-comunidad\/\",\"logo\":{\"@type\":\"ImageObject\",\"inLanguage\":\"es\",\"@id\":\"https:\/\/www.documenta.org.mx\/somos-comunidad\/#\/schema\/logo\/image\/\",\"url\":\"https:\/\/www.documenta.org.mx\/somos-comunidad\/wp-content\/uploads\/2024\/11\/somos-comunidad-logo.png\",\"contentUrl\":\"https:\/\/www.documenta.org.mx\/somos-comunidad\/wp-content\/uploads\/2024\/11\/somos-comunidad-logo.png\",\"width\":500,\"height\":573,\"caption\":\"\u00a1Somos Comunidad!\"},\"image\":{\"@id\":\"https:\/\/www.documenta.org.mx\/somos-comunidad\/#\/schema\/logo\/image\/\"}},{\"@type\":\"Person\",\"@id\":\"https:\/\/www.documenta.org.mx\/somos-comunidad\/#\/schema\/person\/a0ab378fbb5565ef26e3f16eddc36673\",\"name\":\"admin\",\"image\":{\"@type\":\"ImageObject\",\"inLanguage\":\"es\",\"@id\":\"https:\/\/www.documenta.org.mx\/somos-comunidad\/#\/schema\/person\/image\/\",\"url\":\"https:\/\/secure.gravatar.com\/avatar\/d8ab66389a7cf49a790d64395cb0556ab0a59e9afce0c632741f122dd6264e69?s=96&d=mm&r=g\",\"contentUrl\":\"https:\/\/secure.gravatar.com\/avatar\/d8ab66389a7cf49a790d64395cb0556ab0a59e9afce0c632741f122dd6264e69?s=96&d=mm&r=g\",\"caption\":\"admin\"},\"sameAs\":[\"http:\/\/documenta.org.mx\/somos-comunidad\"],\"url\":\"https:\/\/www.documenta.org.mx\/somos-comunidad\/author\/admin\/\"}]}<\/script>\n<!-- \/ Yoast SEO plugin. -->","yoast_head_json":{"title":"\u00bfCu\u00e1l es la forma en la que los medios de comunicaci\u00f3n representan a las mujeres con discapacidad? - \u00a1Somos Comunidad!","description":"Los medios de comunicaci\u00f3n pueden ser aliados en la eliminaci\u00f3n de estereotipos y prejuicios contra las mujeres con discapacidad, por eso es esencial que integren la perspectiva de g\u00e9nero y el enfoque de discapacidad.","robots":{"index":"index","follow":"follow","max-snippet":"max-snippet:-1","max-image-preview":"max-image-preview:large","max-video-preview":"max-video-preview:-1"},"canonical":"https:\/\/www.documenta.org.mx\/somos-comunidad\/cambiemos-narrativas\/2022\/cual-es-la-forma-en-la-que-los-medios-de-comunicacion-representan-a-las-mujeres-con-discapacidad\/","og_locale":"es_ES","og_type":"article","og_title":"\u00bfCu\u00e1l es la forma en la que los medios de comunicaci\u00f3n representan a las mujeres con discapacidad? - \u00a1Somos Comunidad!","og_description":"Los medios de comunicaci\u00f3n pueden ser aliados en la eliminaci\u00f3n de estereotipos y prejuicios contra las mujeres con discapacidad, por eso es esencial que integren la perspectiva de g\u00e9nero y el enfoque de discapacidad.","og_url":"https:\/\/www.documenta.org.mx\/somos-comunidad\/cambiemos-narrativas\/2022\/cual-es-la-forma-en-la-que-los-medios-de-comunicacion-representan-a-las-mujeres-con-discapacidad\/","og_site_name":"\u00a1Somos Comunidad!","article_published_time":"2022-11-13T19:20:00+00:00","article_modified_time":"2024-11-13T19:32:25+00:00","og_image":[{"width":366,"height":366,"url":"https:\/\/www.documenta.org.mx\/somos-comunidad\/wp-content\/uploads\/2022\/11\/infografia-2022-2.jpg","type":"image\/jpeg"}],"author":"admin","twitter_card":"summary_large_image","twitter_misc":{"Escrito por":"admin","Tiempo de lectura":"2 minutos"},"schema":{"@context":"https:\/\/schema.org","@graph":[{"@type":"Article","@id":"https:\/\/www.documenta.org.mx\/somos-comunidad\/cambiemos-narrativas\/2022\/cual-es-la-forma-en-la-que-los-medios-de-comunicacion-representan-a-las-mujeres-con-discapacidad\/#article","isPartOf":{"@id":"https:\/\/www.documenta.org.mx\/somos-comunidad\/cambiemos-narrativas\/2022\/cual-es-la-forma-en-la-que-los-medios-de-comunicacion-representan-a-las-mujeres-con-discapacidad\/"},"author":{"name":"admin","@id":"https:\/\/www.documenta.org.mx\/somos-comunidad\/#\/schema\/person\/a0ab378fbb5565ef26e3f16eddc36673"},"headline":"\u00bfCu\u00e1l es la forma en la que los medios de comunicaci\u00f3n representan a las mujeres con discapacidad?","datePublished":"2022-11-13T19:20:00+00:00","dateModified":"2024-11-13T19:32:25+00:00","mainEntityOfPage":{"@id":"https:\/\/www.documenta.org.mx\/somos-comunidad\/cambiemos-narrativas\/2022\/cual-es-la-forma-en-la-que-los-medios-de-comunicacion-representan-a-las-mujeres-con-discapacidad\/"},"wordCount":207,"publisher":{"@id":"https:\/\/www.documenta.org.mx\/somos-comunidad\/#organization"},"image":{"@id":"https:\/\/www.documenta.org.mx\/somos-comunidad\/cambiemos-narrativas\/2022\/cual-es-la-forma-en-la-que-los-medios-de-comunicacion-representan-a-las-mujeres-con-discapacidad\/#primaryimage"},"thumbnailUrl":"https:\/\/www.documenta.org.mx\/somos-comunidad\/wp-content\/uploads\/2022\/11\/infografia-2022-2.jpg","articleSection":["2022"],"inLanguage":"es"},{"@type":"WebPage","@id":"https:\/\/www.documenta.org.mx\/somos-comunidad\/cambiemos-narrativas\/2022\/cual-es-la-forma-en-la-que-los-medios-de-comunicacion-representan-a-las-mujeres-con-discapacidad\/","url":"https:\/\/www.documenta.org.mx\/somos-comunidad\/cambiemos-narrativas\/2022\/cual-es-la-forma-en-la-que-los-medios-de-comunicacion-representan-a-las-mujeres-con-discapacidad\/","name":"\u00bfCu\u00e1l es la forma en la que los medios de comunicaci\u00f3n representan a las mujeres con discapacidad? - \u00a1Somos Comunidad!","isPartOf":{"@id":"https:\/\/www.documenta.org.mx\/somos-comunidad\/#website"},"primaryImageOfPage":{"@id":"https:\/\/www.documenta.org.mx\/somos-comunidad\/cambiemos-narrativas\/2022\/cual-es-la-forma-en-la-que-los-medios-de-comunicacion-representan-a-las-mujeres-con-discapacidad\/#primaryimage"},"image":{"@id":"https:\/\/www.documenta.org.mx\/somos-comunidad\/cambiemos-narrativas\/2022\/cual-es-la-forma-en-la-que-los-medios-de-comunicacion-representan-a-las-mujeres-con-discapacidad\/#primaryimage"},"thumbnailUrl":"https:\/\/www.documenta.org.mx\/somos-comunidad\/wp-content\/uploads\/2022\/11\/infografia-2022-2.jpg","datePublished":"2022-11-13T19:20:00+00:00","dateModified":"2024-11-13T19:32:25+00:00","description":"Los medios de comunicaci\u00f3n pueden ser aliados en la eliminaci\u00f3n de estereotipos y prejuicios contra las mujeres con discapacidad, por eso es esencial que integren la perspectiva de g\u00e9nero y el enfoque de discapacidad.","breadcrumb":{"@id":"https:\/\/www.documenta.org.mx\/somos-comunidad\/cambiemos-narrativas\/2022\/cual-es-la-forma-en-la-que-los-medios-de-comunicacion-representan-a-las-mujeres-con-discapacidad\/#breadcrumb"},"inLanguage":"es","potentialAction":[{"@type":"ReadAction","target":["https:\/\/www.documenta.org.mx\/somos-comunidad\/cambiemos-narrativas\/2022\/cual-es-la-forma-en-la-que-los-medios-de-comunicacion-representan-a-las-mujeres-con-discapacidad\/"]}]},{"@type":"ImageObject","inLanguage":"es","@id":"https:\/\/www.documenta.org.mx\/somos-comunidad\/cambiemos-narrativas\/2022\/cual-es-la-forma-en-la-que-los-medios-de-comunicacion-representan-a-las-mujeres-con-discapacidad\/#primaryimage","url":"https:\/\/www.documenta.org.mx\/somos-comunidad\/wp-content\/uploads\/2022\/11\/infografia-2022-2.jpg","contentUrl":"https:\/\/www.documenta.org.mx\/somos-comunidad\/wp-content\/uploads\/2022\/11\/infografia-2022-2.jpg","width":366,"height":366,"caption":"Ilustraci\u00f3n tomada de la infograf\u00eda"},{"@type":"BreadcrumbList","@id":"https:\/\/www.documenta.org.mx\/somos-comunidad\/cambiemos-narrativas\/2022\/cual-es-la-forma-en-la-que-los-medios-de-comunicacion-representan-a-las-mujeres-con-discapacidad\/#breadcrumb","itemListElement":[{"@type":"ListItem","position":1,"name":"Inicio","item":"https:\/\/www.documenta.org.mx\/somos-comunidad\/"},{"@type":"ListItem","position":2,"name":"Cambiemos narrativas","item":"https:\/\/www.documenta.org.mx\/somos-comunidad\/categoria\/cambiemos-narrativas\/"},{"@type":"ListItem","position":3,"name":"2022","item":"https:\/\/www.documenta.org.mx\/somos-comunidad\/categoria\/cambiemos-narrativas\/2022\/"},{"@type":"ListItem","position":4,"name":"\u00bfCu\u00e1l es la forma en la que los medios de comunicaci\u00f3n representan a las mujeres con discapacidad?"}]},{"@type":"WebSite","@id":"https:\/\/www.documenta.org.mx\/somos-comunidad\/#website","url":"https:\/\/www.documenta.org.mx\/somos-comunidad\/","name":"\u00a1Somos Comunidad!","description":"Mujeres con discapacidad","publisher":{"@id":"https:\/\/www.documenta.org.mx\/somos-comunidad\/#organization"},"potentialAction":[{"@type":"SearchAction","target":{"@type":"EntryPoint","urlTemplate":"https:\/\/www.documenta.org.mx\/somos-comunidad\/?s={search_term_string}"},"query-input":{"@type":"PropertyValueSpecification","valueRequired":true,"valueName":"search_term_string"}}],"inLanguage":"es"},{"@type":"Organization","@id":"https:\/\/www.documenta.org.mx\/somos-comunidad\/#organization","name":"\u00a1Somos Comunidad!","url":"https:\/\/www.documenta.org.mx\/somos-comunidad\/","logo":{"@type":"ImageObject","inLanguage":"es","@id":"https:\/\/www.documenta.org.mx\/somos-comunidad\/#\/schema\/logo\/image\/","url":"https:\/\/www.documenta.org.mx\/somos-comunidad\/wp-content\/uploads\/2024\/11\/somos-comunidad-logo.png","contentUrl":"https:\/\/www.documenta.org.mx\/somos-comunidad\/wp-content\/uploads\/2024\/11\/somos-comunidad-logo.png","width":500,"height":573,"caption":"\u00a1Somos Comunidad!"},"image":{"@id":"https:\/\/www.documenta.org.mx\/somos-comunidad\/#\/schema\/logo\/image\/"}},{"@type":"Person","@id":"https:\/\/www.documenta.org.mx\/somos-comunidad\/#\/schema\/person\/a0ab378fbb5565ef26e3f16eddc36673","name":"admin","image":{"@type":"ImageObject","inLanguage":"es","@id":"https:\/\/www.documenta.org.mx\/somos-comunidad\/#\/schema\/person\/image\/","url":"https:\/\/secure.gravatar.com\/avatar\/d8ab66389a7cf49a790d64395cb0556ab0a59e9afce0c632741f122dd6264e69?s=96&d=mm&r=g","contentUrl":"https:\/\/secure.gravatar.com\/avatar\/d8ab66389a7cf49a790d64395cb0556ab0a59e9afce0c632741f122dd6264e69?s=96&d=mm&r=g","caption":"admin"},"sameAs":["http:\/\/documenta.org.mx\/somos-comunidad"],"url":"https:\/\/www.documenta.org.mx\/somos-comunidad\/author\/admin\/"}]}},"uagb_featured_image_src":{"full":["https:\/\/www.documenta.org.mx\/somos-comunidad\/wp-content\/uploads\/2022\/11\/infografia-2022-2.jpg",366,366,false],"thumbnail":["https:\/\/www.documenta.org.mx\/somos-comunidad\/wp-content\/uploads\/2022\/11\/infografia-2022-2-150x150.jpg",150,150,true],"medium":["https:\/\/www.documenta.org.mx\/somos-comunidad\/wp-content\/uploads\/2022\/11\/infografia-2022-2-300x300.jpg",300,300,true],"medium_large":["https:\/\/www.documenta.org.mx\/somos-comunidad\/wp-content\/uploads\/2022\/11\/infografia-2022-2.jpg",366,366,false],"large":["https:\/\/www.documenta.org.mx\/somos-comunidad\/wp-content\/uploads\/2022\/11\/infografia-2022-2.jpg",366,366,false],"1536x1536":["https:\/\/www.documenta.org.mx\/somos-comunidad\/wp-content\/uploads\/2022\/11\/infografia-2022-2.jpg",366,366,false],"2048x2048":["https:\/\/www.documenta.org.mx\/somos-comunidad\/wp-content\/uploads\/2022\/11\/infografia-2022-2.jpg",366,366,false],"post-thumbnail":["https:\/\/www.documenta.org.mx\/somos-comunidad\/wp-content\/uploads\/2022\/11\/infografia-2022-2.jpg",366,366,false]},"uagb_author_info":{"display_name":"admin","author_link":"https:\/\/www.documenta.org.mx\/somos-comunidad\/author\/admin\/"},"uagb_comment_info":0,"uagb_excerpt":"Los medios de comunicaci\u00f3n pueden ser aliados en la eliminaci\u00f3n de estereotipos y prejuicios contra las mujeres con discapacidad, por eso es esencial que integren la perspectiva de g\u00e9nero y el enfoque de discapacidad.","_links":{"self":[{"href":"https:\/\/www.documenta.org.mx\/somos-comunidad\/wp-json\/wp\/v2\/posts\/354","targetHints":{"allow":["GET"]}}],"collection":[{"href":"https:\/\/www.documenta.org.mx\/somos-comunidad\/wp-json\/wp\/v2\/posts"}],"about":[{"href":"https:\/\/www.documenta.org.mx\/somos-comunidad\/wp-json\/wp\/v2\/types\/post"}],"author":[{"embeddable":true,"href":"https:\/\/www.documenta.org.mx\/somos-comunidad\/wp-json\/wp\/v2\/users\/1"}],"replies":[{"embeddable":true,"href":"https:\/\/www.documenta.org.mx\/somos-comunidad\/wp-json\/wp\/v2\/comments?post=354"}],"version-history":[{"count":4,"href":"https:\/\/www.documenta.org.mx\/somos-comunidad\/wp-json\/wp\/v2\/posts\/354\/revisions"}],"predecessor-version":[{"id":363,"href":"https:\/\/www.documenta.org.mx\/somos-comunidad\/wp-json\/wp\/v2\/posts\/354\/revisions\/363"}],"wp:featuredmedia":[{"embeddable":true,"href":"https:\/\/www.documenta.org.mx\/somos-comunidad\/wp-json\/wp\/v2\/media\/365"}],"wp:attachment":[{"href":"https:\/\/www.documenta.org.mx\/somos-comunidad\/wp-json\/wp\/v2\/media?parent=354"}],"wp:term":[{"taxonomy":"category","embeddable":true,"href":"https:\/\/www.documenta.org.mx\/somos-comunidad\/wp-json\/wp\/v2\/categories?post=354"},{"taxonomy":"post_tag","embeddable":true,"href":"https:\/\/www.documenta.org.mx\/somos-comunidad\/wp-json\/wp\/v2\/tags?post=354"}],"curies":[{"name":"wp","href":"https:\/\/api.w.org\/{rel}","templated":true}]}}