{"id":322,"date":"2021-11-13T18:48:00","date_gmt":"2021-11-13T18:48:00","guid":{"rendered":"https:\/\/documenta.org.mx\/somos-comunidad\/?p=322"},"modified":"2024-11-13T19:07:45","modified_gmt":"2024-11-13T19:07:45","slug":"abordaje-de-los-medios-sobre-las-mujeres-con-discapacidad","status":"publish","type":"post","link":"https:\/\/www.documenta.org.mx\/somos-comunidad\/cambiemos-narrativas\/2021\/abordaje-de-los-medios-sobre-las-mujeres-con-discapacidad\/","title":{"rendered":"Abordaje de los medios sobre las mujeres con discapacidad"},"content":{"rendered":"\n<div class=\"wp-block-columns alignfull is-layout-flex wp-container-core-columns-is-layout-88098167 wp-block-columns-is-layout-flex\" style=\"padding-right:var(--wp--preset--spacing--30);padding-left:var(--wp--preset--spacing--30)\">\n<div class=\"wp-block-column is-layout-flow wp-block-column-is-layout-flow\">\n<figure class=\"wp-block-image size-large has-lightbox\"><img loading=\"lazy\" decoding=\"async\" width=\"1024\" height=\"758\" src=\"http:\/\/documenta.org.mx\/somos-comunidad\/wp-content\/uploads\/2021\/11\/infografia-2021-abordaje-de-los-medios-mujeres-discapacidad-1024x758.jpg\" alt=\"Infograf\u00eda: Abordaje de los medios sobre las mujeres con discapacidad\" class=\"wp-image-337\" srcset=\"https:\/\/www.documenta.org.mx\/somos-comunidad\/wp-content\/uploads\/2021\/11\/infografia-2021-abordaje-de-los-medios-mujeres-discapacidad-1024x758.jpg 1024w, https:\/\/www.documenta.org.mx\/somos-comunidad\/wp-content\/uploads\/2021\/11\/infografia-2021-abordaje-de-los-medios-mujeres-discapacidad-300x222.jpg 300w, https:\/\/www.documenta.org.mx\/somos-comunidad\/wp-content\/uploads\/2021\/11\/infografia-2021-abordaje-de-los-medios-mujeres-discapacidad-768x568.jpg 768w, https:\/\/www.documenta.org.mx\/somos-comunidad\/wp-content\/uploads\/2021\/11\/infografia-2021-abordaje-de-los-medios-mujeres-discapacidad.jpg 1307w\" sizes=\"auto, (max-width: 1024px) 100vw, 1024px\" \/><\/figure>\n<\/div>\n\n\n\n<div class=\"wp-block-column is-layout-flow wp-block-column-is-layout-flow\">\n<figure class=\"wp-block-video\"><video height=\"1088\" style=\"aspect-ratio: 1920 \/ 1088;\" width=\"1920\" controls src=\"http:\/\/documenta.org.mx\/somos-comunidad\/wp-content\/uploads\/2024\/11\/abordaje-medios-mujeres-discapacidad.mp4\"><\/video><figcaption class=\"wp-element-caption\">Este video es el contenido de la infograf\u00eda \u00abAbordaje de los medios sobre las mujeres con discapacidad\u00bb en audio y se\u00f1as<\/figcaption><\/figure>\n\n\n\n<div class=\"wp-block-coblocks-accordion\">\n<div class=\"wp-block-coblocks-accordion-item\" style=\"font-size:22px\"><details><summary class=\"wp-block-coblocks-accordion-item__title has-background has-color-1-background-color has-text-color has-blanco-color\"><strong>Ver la infograf\u00eda en texto<\/strong><\/summary><div class=\"wp-block-coblocks-accordion-item__content\" style=\"border-color:#e01e9e\">\n<p>En nuestro Observatorio de Medios encontramos que la prensa aborda las noticias sobre mujeres con discapacidad de esta manera:<\/p>\n\n\n\n<p>&#8211; Un 50.5% utiliza un lenguaje discriminatorio al mencionarlas.<\/p>\n\n\n\n<p>&#8211; El 30% de las notas analizadas abordan la discapacidad como una enfermedad, un castigo o como un tema asociado a la beneficencia.&nbsp;<\/p>\n\n\n\n<p>&#8211; Solo una cuarta parte las ve como sujetas de derechos.<\/p>\n\n\n\n<p>&#8211; Un 18.3% utiliza estereotipos de g\u00e9nero y discapacidad. Adem\u00e1s el 7.7% de las notas habla de ellas a partir de su rol familiar.<\/p>\n\n\n\n<p>&#8211; Un 50.5% reproducen estigmas y refuerzan prejuicios basados en el g\u00e9nero y la discapacidad.&nbsp;<\/p>\n\n\n\n<p><strong>Es necesario que los medios incorporen en sus redacciones un enfoque de derechos humanos, perspectivas de g\u00e9nero y discapacidad para evitar la desinformaci\u00f3n y la reproducci\u00f3n de estigmas que contribuyen a la discriminaci\u00f3n de las mujeres con discapacidad.&nbsp;<\/strong><\/p>\n\n\n\n<p><em>Fuente: Observatorio de Medios y Mujeres con Discapacidad<\/em><\/p>\n\n\n\n<p><em>Nota metodol\u00f3gica: Documenta analiz\u00f3 321 textos period\u00edsticos sobre mujeres con discapacidad en 197 medios del 6 de septiembre al 12 de noviembre de 2021.<\/em><\/p>\n<\/div><\/details><\/div>\n<\/div>\n<\/div>\n<\/div>\n","protected":false},"excerpt":{"rendered":"<p>Es necesario que los medios incorporen en sus redacciones un enfoque de derechos humanos, perspectivas de g\u00e9nero y discapacidad para evitar la desinformaci\u00f3n y la reproducci\u00f3n de estigmas que contribuyen a la discriminaci\u00f3n de las mujeres con discapacidad. <\/p>\n","protected":false},"author":1,"featured_media":350,"comment_status":"closed","ping_status":"open","sticky":false,"template":"","format":"standard","meta":{"_coblocks_attr":"","_coblocks_dimensions":"","_coblocks_responsive_height":"","_coblocks_accordion_ie_support":"","_uag_custom_page_level_css":"","_monsterinsights_skip_tracking":false,"_monsterinsights_sitenote_active":false,"_monsterinsights_sitenote_note":"","_monsterinsights_sitenote_category":0,"footnotes":""},"categories":[14],"tags":[],"class_list":["post-322","post","type-post","status-publish","format-standard","has-post-thumbnail","hentry","category-14","entry"],"aioseo_notices":[],"yoast_head":"<!-- This site is optimized with the Yoast SEO plugin v25.0 - https:\/\/yoast.com\/wordpress\/plugins\/seo\/ -->\n<title>Abordaje de los medios sobre las mujeres con discapacidad - \u00a1Somos Comunidad!<\/title>\n<meta name=\"description\" content=\"Es necesario que los medios incorporen en sus redacciones un enfoque de derechos humanos, perspectivas de g\u00e9nero y discapacidad para evitar la desinformaci\u00f3n y la reproducci\u00f3n de estigmas que contribuyen a la discriminaci\u00f3n de las mujeres con discapacidad.\" \/>\n<meta name=\"robots\" content=\"index, follow, max-snippet:-1, max-image-preview:large, max-video-preview:-1\" \/>\n<link rel=\"canonical\" href=\"https:\/\/www.documenta.org.mx\/somos-comunidad\/cambiemos-narrativas\/2021\/abordaje-de-los-medios-sobre-las-mujeres-con-discapacidad\/\" \/>\n<meta property=\"og:locale\" content=\"es_ES\" \/>\n<meta property=\"og:type\" content=\"article\" \/>\n<meta property=\"og:title\" content=\"Abordaje de los medios sobre las mujeres con discapacidad - \u00a1Somos Comunidad!\" \/>\n<meta property=\"og:description\" content=\"Es necesario que los medios incorporen en sus redacciones un enfoque de derechos humanos, perspectivas de g\u00e9nero y discapacidad para evitar la desinformaci\u00f3n y la reproducci\u00f3n de estigmas que contribuyen a la discriminaci\u00f3n de las mujeres con discapacidad.\" \/>\n<meta property=\"og:url\" content=\"https:\/\/www.documenta.org.mx\/somos-comunidad\/cambiemos-narrativas\/2021\/abordaje-de-los-medios-sobre-las-mujeres-con-discapacidad\/\" \/>\n<meta property=\"og:site_name\" content=\"\u00a1Somos Comunidad!\" \/>\n<meta property=\"article:published_time\" content=\"2021-11-13T18:48:00+00:00\" \/>\n<meta property=\"article:modified_time\" content=\"2024-11-13T19:07:45+00:00\" \/>\n<meta property=\"og:image\" content=\"https:\/\/www.documenta.org.mx\/somos-comunidad\/wp-content\/uploads\/2021\/11\/infografia-2021-2.jpg\" \/>\n\t<meta property=\"og:image:width\" content=\"658\" \/>\n\t<meta property=\"og:image:height\" content=\"658\" \/>\n\t<meta property=\"og:image:type\" content=\"image\/jpeg\" \/>\n<meta name=\"author\" content=\"admin\" \/>\n<meta name=\"twitter:card\" content=\"summary_large_image\" \/>\n<meta name=\"twitter:label1\" content=\"Escrito por\" \/>\n\t<meta name=\"twitter:data1\" content=\"admin\" \/>\n\t<meta name=\"twitter:label2\" content=\"Tiempo de lectura\" \/>\n\t<meta name=\"twitter:data2\" content=\"2 minutos\" \/>\n<script type=\"application\/ld+json\" class=\"yoast-schema-graph\">{\"@context\":\"https:\/\/schema.org\",\"@graph\":[{\"@type\":\"Article\",\"@id\":\"https:\/\/www.documenta.org.mx\/somos-comunidad\/cambiemos-narrativas\/2021\/abordaje-de-los-medios-sobre-las-mujeres-con-discapacidad\/#article\",\"isPartOf\":{\"@id\":\"https:\/\/www.documenta.org.mx\/somos-comunidad\/cambiemos-narrativas\/2021\/abordaje-de-los-medios-sobre-las-mujeres-con-discapacidad\/\"},\"author\":{\"name\":\"admin\",\"@id\":\"https:\/\/www.documenta.org.mx\/somos-comunidad\/#\/schema\/person\/a0ab378fbb5565ef26e3f16eddc36673\"},\"headline\":\"Abordaje de los medios sobre las mujeres con discapacidad\",\"datePublished\":\"2021-11-13T18:48:00+00:00\",\"dateModified\":\"2024-11-13T19:07:45+00:00\",\"mainEntityOfPage\":{\"@id\":\"https:\/\/www.documenta.org.mx\/somos-comunidad\/cambiemos-narrativas\/2021\/abordaje-de-los-medios-sobre-las-mujeres-con-discapacidad\/\"},\"wordCount\":211,\"publisher\":{\"@id\":\"https:\/\/www.documenta.org.mx\/somos-comunidad\/#organization\"},\"image\":{\"@id\":\"https:\/\/www.documenta.org.mx\/somos-comunidad\/cambiemos-narrativas\/2021\/abordaje-de-los-medios-sobre-las-mujeres-con-discapacidad\/#primaryimage\"},\"thumbnailUrl\":\"https:\/\/www.documenta.org.mx\/somos-comunidad\/wp-content\/uploads\/2021\/11\/infografia-2021-2.jpg\",\"articleSection\":[\"2021\"],\"inLanguage\":\"es\"},{\"@type\":\"WebPage\",\"@id\":\"https:\/\/www.documenta.org.mx\/somos-comunidad\/cambiemos-narrativas\/2021\/abordaje-de-los-medios-sobre-las-mujeres-con-discapacidad\/\",\"url\":\"https:\/\/www.documenta.org.mx\/somos-comunidad\/cambiemos-narrativas\/2021\/abordaje-de-los-medios-sobre-las-mujeres-con-discapacidad\/\",\"name\":\"Abordaje de los medios sobre las mujeres con discapacidad - \u00a1Somos Comunidad!\",\"isPartOf\":{\"@id\":\"https:\/\/www.documenta.org.mx\/somos-comunidad\/#website\"},\"primaryImageOfPage\":{\"@id\":\"https:\/\/www.documenta.org.mx\/somos-comunidad\/cambiemos-narrativas\/2021\/abordaje-de-los-medios-sobre-las-mujeres-con-discapacidad\/#primaryimage\"},\"image\":{\"@id\":\"https:\/\/www.documenta.org.mx\/somos-comunidad\/cambiemos-narrativas\/2021\/abordaje-de-los-medios-sobre-las-mujeres-con-discapacidad\/#primaryimage\"},\"thumbnailUrl\":\"https:\/\/www.documenta.org.mx\/somos-comunidad\/wp-content\/uploads\/2021\/11\/infografia-2021-2.jpg\",\"datePublished\":\"2021-11-13T18:48:00+00:00\",\"dateModified\":\"2024-11-13T19:07:45+00:00\",\"description\":\"Es necesario que los medios incorporen en sus redacciones un enfoque de derechos humanos, perspectivas de g\u00e9nero y discapacidad para evitar la desinformaci\u00f3n y la reproducci\u00f3n de estigmas que contribuyen a la discriminaci\u00f3n de las mujeres con discapacidad.\",\"breadcrumb\":{\"@id\":\"https:\/\/www.documenta.org.mx\/somos-comunidad\/cambiemos-narrativas\/2021\/abordaje-de-los-medios-sobre-las-mujeres-con-discapacidad\/#breadcrumb\"},\"inLanguage\":\"es\",\"potentialAction\":[{\"@type\":\"ReadAction\",\"target\":[\"https:\/\/www.documenta.org.mx\/somos-comunidad\/cambiemos-narrativas\/2021\/abordaje-de-los-medios-sobre-las-mujeres-con-discapacidad\/\"]}]},{\"@type\":\"ImageObject\",\"inLanguage\":\"es\",\"@id\":\"https:\/\/www.documenta.org.mx\/somos-comunidad\/cambiemos-narrativas\/2021\/abordaje-de-los-medios-sobre-las-mujeres-con-discapacidad\/#primaryimage\",\"url\":\"https:\/\/www.documenta.org.mx\/somos-comunidad\/wp-content\/uploads\/2021\/11\/infografia-2021-2.jpg\",\"contentUrl\":\"https:\/\/www.documenta.org.mx\/somos-comunidad\/wp-content\/uploads\/2021\/11\/infografia-2021-2.jpg\",\"width\":658,\"height\":658,\"caption\":\"Ilustraci\u00f3n tomada de la infograf\u00eda\"},{\"@type\":\"BreadcrumbList\",\"@id\":\"https:\/\/www.documenta.org.mx\/somos-comunidad\/cambiemos-narrativas\/2021\/abordaje-de-los-medios-sobre-las-mujeres-con-discapacidad\/#breadcrumb\",\"itemListElement\":[{\"@type\":\"ListItem\",\"position\":1,\"name\":\"Inicio\",\"item\":\"https:\/\/www.documenta.org.mx\/somos-comunidad\/\"},{\"@type\":\"ListItem\",\"position\":2,\"name\":\"Cambiemos narrativas\",\"item\":\"https:\/\/www.documenta.org.mx\/somos-comunidad\/categoria\/cambiemos-narrativas\/\"},{\"@type\":\"ListItem\",\"position\":3,\"name\":\"2021\",\"item\":\"https:\/\/www.documenta.org.mx\/somos-comunidad\/categoria\/cambiemos-narrativas\/2021\/\"},{\"@type\":\"ListItem\",\"position\":4,\"name\":\"Abordaje de los medios sobre las mujeres con discapacidad\"}]},{\"@type\":\"WebSite\",\"@id\":\"https:\/\/www.documenta.org.mx\/somos-comunidad\/#website\",\"url\":\"https:\/\/www.documenta.org.mx\/somos-comunidad\/\",\"name\":\"\u00a1Somos Comunidad!\",\"description\":\"Mujeres con discapacidad\",\"publisher\":{\"@id\":\"https:\/\/www.documenta.org.mx\/somos-comunidad\/#organization\"},\"potentialAction\":[{\"@type\":\"SearchAction\",\"target\":{\"@type\":\"EntryPoint\",\"urlTemplate\":\"https:\/\/www.documenta.org.mx\/somos-comunidad\/?s={search_term_string}\"},\"query-input\":{\"@type\":\"PropertyValueSpecification\",\"valueRequired\":true,\"valueName\":\"search_term_string\"}}],\"inLanguage\":\"es\"},{\"@type\":\"Organization\",\"@id\":\"https:\/\/www.documenta.org.mx\/somos-comunidad\/#organization\",\"name\":\"\u00a1Somos Comunidad!\",\"url\":\"https:\/\/www.documenta.org.mx\/somos-comunidad\/\",\"logo\":{\"@type\":\"ImageObject\",\"inLanguage\":\"es\",\"@id\":\"https:\/\/www.documenta.org.mx\/somos-comunidad\/#\/schema\/logo\/image\/\",\"url\":\"https:\/\/www.documenta.org.mx\/somos-comunidad\/wp-content\/uploads\/2024\/11\/somos-comunidad-logo.png\",\"contentUrl\":\"https:\/\/www.documenta.org.mx\/somos-comunidad\/wp-content\/uploads\/2024\/11\/somos-comunidad-logo.png\",\"width\":500,\"height\":573,\"caption\":\"\u00a1Somos Comunidad!\"},\"image\":{\"@id\":\"https:\/\/www.documenta.org.mx\/somos-comunidad\/#\/schema\/logo\/image\/\"}},{\"@type\":\"Person\",\"@id\":\"https:\/\/www.documenta.org.mx\/somos-comunidad\/#\/schema\/person\/a0ab378fbb5565ef26e3f16eddc36673\",\"name\":\"admin\",\"image\":{\"@type\":\"ImageObject\",\"inLanguage\":\"es\",\"@id\":\"https:\/\/www.documenta.org.mx\/somos-comunidad\/#\/schema\/person\/image\/\",\"url\":\"https:\/\/secure.gravatar.com\/avatar\/d8ab66389a7cf49a790d64395cb0556ab0a59e9afce0c632741f122dd6264e69?s=96&d=mm&r=g\",\"contentUrl\":\"https:\/\/secure.gravatar.com\/avatar\/d8ab66389a7cf49a790d64395cb0556ab0a59e9afce0c632741f122dd6264e69?s=96&d=mm&r=g\",\"caption\":\"admin\"},\"sameAs\":[\"http:\/\/documenta.org.mx\/somos-comunidad\"],\"url\":\"https:\/\/www.documenta.org.mx\/somos-comunidad\/author\/admin\/\"}]}<\/script>\n<!-- \/ Yoast SEO plugin. -->","yoast_head_json":{"title":"Abordaje de los medios sobre las mujeres con discapacidad - \u00a1Somos Comunidad!","description":"Es necesario que los medios incorporen en sus redacciones un enfoque de derechos humanos, perspectivas de g\u00e9nero y discapacidad para evitar la desinformaci\u00f3n y la reproducci\u00f3n de estigmas que contribuyen a la discriminaci\u00f3n de las mujeres con discapacidad.","robots":{"index":"index","follow":"follow","max-snippet":"max-snippet:-1","max-image-preview":"max-image-preview:large","max-video-preview":"max-video-preview:-1"},"canonical":"https:\/\/www.documenta.org.mx\/somos-comunidad\/cambiemos-narrativas\/2021\/abordaje-de-los-medios-sobre-las-mujeres-con-discapacidad\/","og_locale":"es_ES","og_type":"article","og_title":"Abordaje de los medios sobre las mujeres con discapacidad - \u00a1Somos Comunidad!","og_description":"Es necesario que los medios incorporen en sus redacciones un enfoque de derechos humanos, perspectivas de g\u00e9nero y discapacidad para evitar la desinformaci\u00f3n y la reproducci\u00f3n de estigmas que contribuyen a la discriminaci\u00f3n de las mujeres con discapacidad.","og_url":"https:\/\/www.documenta.org.mx\/somos-comunidad\/cambiemos-narrativas\/2021\/abordaje-de-los-medios-sobre-las-mujeres-con-discapacidad\/","og_site_name":"\u00a1Somos Comunidad!","article_published_time":"2021-11-13T18:48:00+00:00","article_modified_time":"2024-11-13T19:07:45+00:00","og_image":[{"width":658,"height":658,"url":"https:\/\/www.documenta.org.mx\/somos-comunidad\/wp-content\/uploads\/2021\/11\/infografia-2021-2.jpg","type":"image\/jpeg"}],"author":"admin","twitter_card":"summary_large_image","twitter_misc":{"Escrito por":"admin","Tiempo de lectura":"2 minutos"},"schema":{"@context":"https:\/\/schema.org","@graph":[{"@type":"Article","@id":"https:\/\/www.documenta.org.mx\/somos-comunidad\/cambiemos-narrativas\/2021\/abordaje-de-los-medios-sobre-las-mujeres-con-discapacidad\/#article","isPartOf":{"@id":"https:\/\/www.documenta.org.mx\/somos-comunidad\/cambiemos-narrativas\/2021\/abordaje-de-los-medios-sobre-las-mujeres-con-discapacidad\/"},"author":{"name":"admin","@id":"https:\/\/www.documenta.org.mx\/somos-comunidad\/#\/schema\/person\/a0ab378fbb5565ef26e3f16eddc36673"},"headline":"Abordaje de los medios sobre las mujeres con discapacidad","datePublished":"2021-11-13T18:48:00+00:00","dateModified":"2024-11-13T19:07:45+00:00","mainEntityOfPage":{"@id":"https:\/\/www.documenta.org.mx\/somos-comunidad\/cambiemos-narrativas\/2021\/abordaje-de-los-medios-sobre-las-mujeres-con-discapacidad\/"},"wordCount":211,"publisher":{"@id":"https:\/\/www.documenta.org.mx\/somos-comunidad\/#organization"},"image":{"@id":"https:\/\/www.documenta.org.mx\/somos-comunidad\/cambiemos-narrativas\/2021\/abordaje-de-los-medios-sobre-las-mujeres-con-discapacidad\/#primaryimage"},"thumbnailUrl":"https:\/\/www.documenta.org.mx\/somos-comunidad\/wp-content\/uploads\/2021\/11\/infografia-2021-2.jpg","articleSection":["2021"],"inLanguage":"es"},{"@type":"WebPage","@id":"https:\/\/www.documenta.org.mx\/somos-comunidad\/cambiemos-narrativas\/2021\/abordaje-de-los-medios-sobre-las-mujeres-con-discapacidad\/","url":"https:\/\/www.documenta.org.mx\/somos-comunidad\/cambiemos-narrativas\/2021\/abordaje-de-los-medios-sobre-las-mujeres-con-discapacidad\/","name":"Abordaje de los medios sobre las mujeres con discapacidad - \u00a1Somos Comunidad!","isPartOf":{"@id":"https:\/\/www.documenta.org.mx\/somos-comunidad\/#website"},"primaryImageOfPage":{"@id":"https:\/\/www.documenta.org.mx\/somos-comunidad\/cambiemos-narrativas\/2021\/abordaje-de-los-medios-sobre-las-mujeres-con-discapacidad\/#primaryimage"},"image":{"@id":"https:\/\/www.documenta.org.mx\/somos-comunidad\/cambiemos-narrativas\/2021\/abordaje-de-los-medios-sobre-las-mujeres-con-discapacidad\/#primaryimage"},"thumbnailUrl":"https:\/\/www.documenta.org.mx\/somos-comunidad\/wp-content\/uploads\/2021\/11\/infografia-2021-2.jpg","datePublished":"2021-11-13T18:48:00+00:00","dateModified":"2024-11-13T19:07:45+00:00","description":"Es necesario que los medios incorporen en sus redacciones un enfoque de derechos humanos, perspectivas de g\u00e9nero y discapacidad para evitar la desinformaci\u00f3n y la reproducci\u00f3n de estigmas que contribuyen a la discriminaci\u00f3n de las mujeres con discapacidad.","breadcrumb":{"@id":"https:\/\/www.documenta.org.mx\/somos-comunidad\/cambiemos-narrativas\/2021\/abordaje-de-los-medios-sobre-las-mujeres-con-discapacidad\/#breadcrumb"},"inLanguage":"es","potentialAction":[{"@type":"ReadAction","target":["https:\/\/www.documenta.org.mx\/somos-comunidad\/cambiemos-narrativas\/2021\/abordaje-de-los-medios-sobre-las-mujeres-con-discapacidad\/"]}]},{"@type":"ImageObject","inLanguage":"es","@id":"https:\/\/www.documenta.org.mx\/somos-comunidad\/cambiemos-narrativas\/2021\/abordaje-de-los-medios-sobre-las-mujeres-con-discapacidad\/#primaryimage","url":"https:\/\/www.documenta.org.mx\/somos-comunidad\/wp-content\/uploads\/2021\/11\/infografia-2021-2.jpg","contentUrl":"https:\/\/www.documenta.org.mx\/somos-comunidad\/wp-content\/uploads\/2021\/11\/infografia-2021-2.jpg","width":658,"height":658,"caption":"Ilustraci\u00f3n tomada de la infograf\u00eda"},{"@type":"BreadcrumbList","@id":"https:\/\/www.documenta.org.mx\/somos-comunidad\/cambiemos-narrativas\/2021\/abordaje-de-los-medios-sobre-las-mujeres-con-discapacidad\/#breadcrumb","itemListElement":[{"@type":"ListItem","position":1,"name":"Inicio","item":"https:\/\/www.documenta.org.mx\/somos-comunidad\/"},{"@type":"ListItem","position":2,"name":"Cambiemos narrativas","item":"https:\/\/www.documenta.org.mx\/somos-comunidad\/categoria\/cambiemos-narrativas\/"},{"@type":"ListItem","position":3,"name":"2021","item":"https:\/\/www.documenta.org.mx\/somos-comunidad\/categoria\/cambiemos-narrativas\/2021\/"},{"@type":"ListItem","position":4,"name":"Abordaje de los medios sobre las mujeres con discapacidad"}]},{"@type":"WebSite","@id":"https:\/\/www.documenta.org.mx\/somos-comunidad\/#website","url":"https:\/\/www.documenta.org.mx\/somos-comunidad\/","name":"\u00a1Somos Comunidad!","description":"Mujeres con discapacidad","publisher":{"@id":"https:\/\/www.documenta.org.mx\/somos-comunidad\/#organization"},"potentialAction":[{"@type":"SearchAction","target":{"@type":"EntryPoint","urlTemplate":"https:\/\/www.documenta.org.mx\/somos-comunidad\/?s={search_term_string}"},"query-input":{"@type":"PropertyValueSpecification","valueRequired":true,"valueName":"search_term_string"}}],"inLanguage":"es"},{"@type":"Organization","@id":"https:\/\/www.documenta.org.mx\/somos-comunidad\/#organization","name":"\u00a1Somos Comunidad!","url":"https:\/\/www.documenta.org.mx\/somos-comunidad\/","logo":{"@type":"ImageObject","inLanguage":"es","@id":"https:\/\/www.documenta.org.mx\/somos-comunidad\/#\/schema\/logo\/image\/","url":"https:\/\/www.documenta.org.mx\/somos-comunidad\/wp-content\/uploads\/2024\/11\/somos-comunidad-logo.png","contentUrl":"https:\/\/www.documenta.org.mx\/somos-comunidad\/wp-content\/uploads\/2024\/11\/somos-comunidad-logo.png","width":500,"height":573,"caption":"\u00a1Somos Comunidad!"},"image":{"@id":"https:\/\/www.documenta.org.mx\/somos-comunidad\/#\/schema\/logo\/image\/"}},{"@type":"Person","@id":"https:\/\/www.documenta.org.mx\/somos-comunidad\/#\/schema\/person\/a0ab378fbb5565ef26e3f16eddc36673","name":"admin","image":{"@type":"ImageObject","inLanguage":"es","@id":"https:\/\/www.documenta.org.mx\/somos-comunidad\/#\/schema\/person\/image\/","url":"https:\/\/secure.gravatar.com\/avatar\/d8ab66389a7cf49a790d64395cb0556ab0a59e9afce0c632741f122dd6264e69?s=96&d=mm&r=g","contentUrl":"https:\/\/secure.gravatar.com\/avatar\/d8ab66389a7cf49a790d64395cb0556ab0a59e9afce0c632741f122dd6264e69?s=96&d=mm&r=g","caption":"admin"},"sameAs":["http:\/\/documenta.org.mx\/somos-comunidad"],"url":"https:\/\/www.documenta.org.mx\/somos-comunidad\/author\/admin\/"}]}},"uagb_featured_image_src":{"full":["https:\/\/www.documenta.org.mx\/somos-comunidad\/wp-content\/uploads\/2021\/11\/infografia-2021-2.jpg",658,658,false],"thumbnail":["https:\/\/www.documenta.org.mx\/somos-comunidad\/wp-content\/uploads\/2021\/11\/infografia-2021-2-150x150.jpg",150,150,true],"medium":["https:\/\/www.documenta.org.mx\/somos-comunidad\/wp-content\/uploads\/2021\/11\/infografia-2021-2-300x300.jpg",300,300,true],"medium_large":["https:\/\/www.documenta.org.mx\/somos-comunidad\/wp-content\/uploads\/2021\/11\/infografia-2021-2.jpg",658,658,false],"large":["https:\/\/www.documenta.org.mx\/somos-comunidad\/wp-content\/uploads\/2021\/11\/infografia-2021-2.jpg",658,658,false],"1536x1536":["https:\/\/www.documenta.org.mx\/somos-comunidad\/wp-content\/uploads\/2021\/11\/infografia-2021-2.jpg",658,658,false],"2048x2048":["https:\/\/www.documenta.org.mx\/somos-comunidad\/wp-content\/uploads\/2021\/11\/infografia-2021-2.jpg",658,658,false],"post-thumbnail":["https:\/\/www.documenta.org.mx\/somos-comunidad\/wp-content\/uploads\/2021\/11\/infografia-2021-2.jpg",658,658,false]},"uagb_author_info":{"display_name":"admin","author_link":"https:\/\/www.documenta.org.mx\/somos-comunidad\/author\/admin\/"},"uagb_comment_info":0,"uagb_excerpt":"Es necesario que los medios incorporen en sus redacciones un enfoque de derechos humanos, perspectivas de g\u00e9nero y discapacidad para evitar la desinformaci\u00f3n y la reproducci\u00f3n de estigmas que contribuyen a la discriminaci\u00f3n de las mujeres con discapacidad.","_links":{"self":[{"href":"https:\/\/www.documenta.org.mx\/somos-comunidad\/wp-json\/wp\/v2\/posts\/322","targetHints":{"allow":["GET"]}}],"collection":[{"href":"https:\/\/www.documenta.org.mx\/somos-comunidad\/wp-json\/wp\/v2\/posts"}],"about":[{"href":"https:\/\/www.documenta.org.mx\/somos-comunidad\/wp-json\/wp\/v2\/types\/post"}],"author":[{"embeddable":true,"href":"https:\/\/www.documenta.org.mx\/somos-comunidad\/wp-json\/wp\/v2\/users\/1"}],"replies":[{"embeddable":true,"href":"https:\/\/www.documenta.org.mx\/somos-comunidad\/wp-json\/wp\/v2\/comments?post=322"}],"version-history":[{"count":3,"href":"https:\/\/www.documenta.org.mx\/somos-comunidad\/wp-json\/wp\/v2\/posts\/322\/revisions"}],"predecessor-version":[{"id":346,"href":"https:\/\/www.documenta.org.mx\/somos-comunidad\/wp-json\/wp\/v2\/posts\/322\/revisions\/346"}],"wp:featuredmedia":[{"embeddable":true,"href":"https:\/\/www.documenta.org.mx\/somos-comunidad\/wp-json\/wp\/v2\/media\/350"}],"wp:attachment":[{"href":"https:\/\/www.documenta.org.mx\/somos-comunidad\/wp-json\/wp\/v2\/media?parent=322"}],"wp:term":[{"taxonomy":"category","embeddable":true,"href":"https:\/\/www.documenta.org.mx\/somos-comunidad\/wp-json\/wp\/v2\/categories?post=322"},{"taxonomy":"post_tag","embeddable":true,"href":"https:\/\/www.documenta.org.mx\/somos-comunidad\/wp-json\/wp\/v2\/tags?post=322"}],"curies":[{"name":"wp","href":"https:\/\/api.w.org\/{rel}","templated":true}]}}