{"id":260,"date":"2020-11-13T14:52:00","date_gmt":"2020-11-13T14:52:00","guid":{"rendered":"https:\/\/documenta.org.mx\/somos-comunidad\/?p=260"},"modified":"2024-11-20T16:11:23","modified_gmt":"2024-11-20T22:11:23","slug":"mujeres-con-discapacidad-en-los-medios","status":"publish","type":"post","link":"https:\/\/www.documenta.org.mx\/somos-comunidad\/cambiemos-narrativas\/2020\/mujeres-con-discapacidad-en-los-medios\/","title":{"rendered":"Mujeres con discapacidad en los medios"},"content":{"rendered":"\n<div class=\"wp-block-columns alignfull is-layout-flex wp-container-core-columns-is-layout-88098167 wp-block-columns-is-layout-flex\" style=\"padding-right:var(--wp--preset--spacing--30);padding-left:var(--wp--preset--spacing--30)\">\n<div class=\"wp-block-column is-layout-flow wp-block-column-is-layout-flow\">\n<figure class=\"wp-block-image size-large\"><img loading=\"lazy\" decoding=\"async\" width=\"667\" height=\"1024\" src=\"https:\/\/www.documenta.org.mx\/somos-comunidad\/wp-content\/uploads\/2020\/11\/infografia-2020-mujeres-discapacidad-667x1024.jpg\" alt=\"Infograf\u00eda: Mujeres con discapacidad en los medios\" class=\"wp-image-279\" srcset=\"https:\/\/www.documenta.org.mx\/somos-comunidad\/wp-content\/uploads\/2020\/11\/infografia-2020-mujeres-discapacidad-667x1024.jpg 667w, https:\/\/www.documenta.org.mx\/somos-comunidad\/wp-content\/uploads\/2020\/11\/infografia-2020-mujeres-discapacidad-195x300.jpg 195w, https:\/\/www.documenta.org.mx\/somos-comunidad\/wp-content\/uploads\/2020\/11\/infografia-2020-mujeres-discapacidad-768x1180.jpg 768w, https:\/\/www.documenta.org.mx\/somos-comunidad\/wp-content\/uploads\/2020\/11\/infografia-2020-mujeres-discapacidad.jpg 800w\" sizes=\"auto, (max-width: 667px) 100vw, 667px\" \/><\/figure>\n<\/div>\n\n\n\n<div class=\"wp-block-column is-layout-flow wp-block-column-is-layout-flow\">\n<figure class=\"wp-block-video\"><video height=\"1088\" style=\"aspect-ratio: 1920 \/ 1088;\" width=\"1920\" controls src=\"https:\/\/www.documenta.org.mx\/somos-comunidad\/wp-content\/uploads\/2024\/11\/2020-mujeres-con-discapacidad-en-los-medios.mp4\" playsinline><\/video><figcaption class=\"wp-element-caption\">Versi\u00f3n de la infograf\u00eda Mujeres con discapacidad en los medios en video con audio y se\u00f1as<\/figcaption><\/figure>\n\n\n\n<div class=\"wp-block-coblocks-accordion\">\n<div class=\"wp-block-coblocks-accordion-item\" style=\"font-size:22px\"><details><summary class=\"wp-block-coblocks-accordion-item__title has-background has-color-1-background-color has-text-color has-blanco-color\"><strong>Ver la infograf\u00eda en texto<\/strong><\/summary><div class=\"wp-block-coblocks-accordion-item__content\" style=\"border-color:#e01e9e\">\n<p>\u00bfTe has preguntado c\u00f3mo est\u00e1 representada esta poblaci\u00f3n ante la opini\u00f3n p\u00fablica? Esto encontramos en nuestro observatorio de medios?<\/p>\n\n\n\n<ul class=\"wp-block-list\">\n<li>Un 40% usa un lenguaje discriminatorio al referirse a ellas.<\/li>\n\n\n\n<li>Un 22% utiliza referencias sexistas.<\/li>\n\n\n\n<li>Se les identifica a partir de una relaci\u00f3n familiar, no de forma independiente.<\/li>\n\n\n\n<li>Las representan con im\u00e1genes estereotipadas sobre la discapacidad.<\/li>\n\n\n\n<li>Se habla en masculinos gen\u00e9ricos aunque se trate de ellas.<\/li>\n\n\n\n<li>Se les inivisibiliza con menciones gen\u00e9ricas como \u201cpersonas con discapacidad\u201d.<\/li>\n<\/ul>\n\n\n\n<p>\u00a1La mujeres con discapacidad deben ser reconocida como sujetas de derechos en la agenda p\u00fablica!<\/p>\n\n\n\n<p><\/p>\n\n\n\n<p class=\"has-small-font-size\"><em>Fuente: Observatorio de Medios y Mujeres con Discapacidad<\/em><\/p>\n\n\n\n<p class=\"has-small-font-size\"><em>Documenta analiz\u00f3 193 notas period\u00edsticas sobre mujeres con discapacidad publicadas en 124 medios del 15 de julio al 15 de septiembre de 2020.<\/em><\/p>\n<\/div><\/details><\/div>\n<\/div>\n<\/div>\n<\/div>\n\n\n\n<div class=\"wp-block-group alignwide\"><div class=\"wp-block-group__inner-container is-layout-constrained wp-block-group-is-layout-constrained\"><\/div><\/div>\n","protected":false},"excerpt":{"rendered":"<p>\u00bfTe has preguntado c\u00f3mo est\u00e1 representada esta poblaci\u00f3n ante la opini\u00f3n p\u00fablica? Esto encontramos en nuestro observatorio de medios?<\/p>\n","protected":false},"author":1,"featured_media":265,"comment_status":"closed","ping_status":"open","sticky":false,"template":"","format":"standard","meta":{"_coblocks_attr":"","_coblocks_dimensions":"","_coblocks_responsive_height":"","_coblocks_accordion_ie_support":"","_uag_custom_page_level_css":"","_monsterinsights_skip_tracking":false,"_monsterinsights_sitenote_active":false,"_monsterinsights_sitenote_note":"","_monsterinsights_sitenote_category":0,"footnotes":""},"categories":[13],"tags":[],"class_list":["post-260","post","type-post","status-publish","format-standard","has-post-thumbnail","hentry","category-13","entry"],"aioseo_notices":[],"yoast_head":"<!-- This site is optimized with the Yoast SEO plugin v25.0 - https:\/\/yoast.com\/wordpress\/plugins\/seo\/ -->\n<title>Mujeres con discapacidad en los medios - \u00a1Somos Comunidad!<\/title>\n<meta name=\"description\" content=\"\u00bfTe has preguntado c\u00f3mo est\u00e1 representada esta poblaci\u00f3n ante la opini\u00f3n p\u00fablica? Esto encontramos en nuestro observatorio de medios?\" \/>\n<meta name=\"robots\" content=\"index, follow, max-snippet:-1, max-image-preview:large, max-video-preview:-1\" \/>\n<link rel=\"canonical\" href=\"https:\/\/www.documenta.org.mx\/somos-comunidad\/cambiemos-narrativas\/2020\/mujeres-con-discapacidad-en-los-medios\/\" \/>\n<meta property=\"og:locale\" content=\"es_ES\" \/>\n<meta property=\"og:type\" content=\"article\" \/>\n<meta property=\"og:title\" content=\"Mujeres con discapacidad en los medios - \u00a1Somos Comunidad!\" \/>\n<meta property=\"og:description\" content=\"\u00bfTe has preguntado c\u00f3mo est\u00e1 representada esta poblaci\u00f3n ante la opini\u00f3n p\u00fablica? Esto encontramos en nuestro observatorio de medios?\" \/>\n<meta property=\"og:url\" content=\"https:\/\/www.documenta.org.mx\/somos-comunidad\/cambiemos-narrativas\/2020\/mujeres-con-discapacidad-en-los-medios\/\" \/>\n<meta property=\"og:site_name\" content=\"\u00a1Somos Comunidad!\" \/>\n<meta property=\"article:published_time\" content=\"2020-11-13T14:52:00+00:00\" \/>\n<meta property=\"article:modified_time\" content=\"2024-11-20T22:11:23+00:00\" \/>\n<meta property=\"og:image\" content=\"https:\/\/www.documenta.org.mx\/somos-comunidad\/wp-content\/uploads\/2024\/11\/infografia-2020-1.jpg\" \/>\n\t<meta property=\"og:image:width\" content=\"428\" \/>\n\t<meta property=\"og:image:height\" content=\"428\" \/>\n\t<meta property=\"og:image:type\" content=\"image\/jpeg\" \/>\n<meta name=\"author\" content=\"admin\" \/>\n<meta name=\"twitter:card\" content=\"summary_large_image\" \/>\n<meta name=\"twitter:label1\" content=\"Escrito por\" \/>\n\t<meta name=\"twitter:data1\" content=\"admin\" \/>\n\t<meta name=\"twitter:label2\" content=\"Tiempo de lectura\" \/>\n\t<meta name=\"twitter:data2\" content=\"2 minutos\" \/>\n<script type=\"application\/ld+json\" class=\"yoast-schema-graph\">{\"@context\":\"https:\/\/schema.org\",\"@graph\":[{\"@type\":\"Article\",\"@id\":\"https:\/\/www.documenta.org.mx\/somos-comunidad\/cambiemos-narrativas\/2020\/mujeres-con-discapacidad-en-los-medios\/#article\",\"isPartOf\":{\"@id\":\"https:\/\/www.documenta.org.mx\/somos-comunidad\/cambiemos-narrativas\/2020\/mujeres-con-discapacidad-en-los-medios\/\"},\"author\":{\"name\":\"admin\",\"@id\":\"https:\/\/www.documenta.org.mx\/somos-comunidad\/#\/schema\/person\/a0ab378fbb5565ef26e3f16eddc36673\"},\"headline\":\"Mujeres con discapacidad en los medios\",\"datePublished\":\"2020-11-13T14:52:00+00:00\",\"dateModified\":\"2024-11-20T22:11:23+00:00\",\"mainEntityOfPage\":{\"@id\":\"https:\/\/www.documenta.org.mx\/somos-comunidad\/cambiemos-narrativas\/2020\/mujeres-con-discapacidad-en-los-medios\/\"},\"wordCount\":155,\"publisher\":{\"@id\":\"https:\/\/www.documenta.org.mx\/somos-comunidad\/#organization\"},\"image\":{\"@id\":\"https:\/\/www.documenta.org.mx\/somos-comunidad\/cambiemos-narrativas\/2020\/mujeres-con-discapacidad-en-los-medios\/#primaryimage\"},\"thumbnailUrl\":\"https:\/\/www.documenta.org.mx\/somos-comunidad\/wp-content\/uploads\/2024\/11\/infografia-2020-1.jpg\",\"articleSection\":[\"2020\"],\"inLanguage\":\"es\"},{\"@type\":\"WebPage\",\"@id\":\"https:\/\/www.documenta.org.mx\/somos-comunidad\/cambiemos-narrativas\/2020\/mujeres-con-discapacidad-en-los-medios\/\",\"url\":\"https:\/\/www.documenta.org.mx\/somos-comunidad\/cambiemos-narrativas\/2020\/mujeres-con-discapacidad-en-los-medios\/\",\"name\":\"Mujeres con discapacidad en los medios - \u00a1Somos Comunidad!\",\"isPartOf\":{\"@id\":\"https:\/\/www.documenta.org.mx\/somos-comunidad\/#website\"},\"primaryImageOfPage\":{\"@id\":\"https:\/\/www.documenta.org.mx\/somos-comunidad\/cambiemos-narrativas\/2020\/mujeres-con-discapacidad-en-los-medios\/#primaryimage\"},\"image\":{\"@id\":\"https:\/\/www.documenta.org.mx\/somos-comunidad\/cambiemos-narrativas\/2020\/mujeres-con-discapacidad-en-los-medios\/#primaryimage\"},\"thumbnailUrl\":\"https:\/\/www.documenta.org.mx\/somos-comunidad\/wp-content\/uploads\/2024\/11\/infografia-2020-1.jpg\",\"datePublished\":\"2020-11-13T14:52:00+00:00\",\"dateModified\":\"2024-11-20T22:11:23+00:00\",\"description\":\"\u00bfTe has preguntado c\u00f3mo est\u00e1 representada esta poblaci\u00f3n ante la opini\u00f3n p\u00fablica? Esto encontramos en nuestro observatorio de medios?\",\"breadcrumb\":{\"@id\":\"https:\/\/www.documenta.org.mx\/somos-comunidad\/cambiemos-narrativas\/2020\/mujeres-con-discapacidad-en-los-medios\/#breadcrumb\"},\"inLanguage\":\"es\",\"potentialAction\":[{\"@type\":\"ReadAction\",\"target\":[\"https:\/\/www.documenta.org.mx\/somos-comunidad\/cambiemos-narrativas\/2020\/mujeres-con-discapacidad-en-los-medios\/\"]}]},{\"@type\":\"ImageObject\",\"inLanguage\":\"es\",\"@id\":\"https:\/\/www.documenta.org.mx\/somos-comunidad\/cambiemos-narrativas\/2020\/mujeres-con-discapacidad-en-los-medios\/#primaryimage\",\"url\":\"https:\/\/www.documenta.org.mx\/somos-comunidad\/wp-content\/uploads\/2024\/11\/infografia-2020-1.jpg\",\"contentUrl\":\"https:\/\/www.documenta.org.mx\/somos-comunidad\/wp-content\/uploads\/2024\/11\/infografia-2020-1.jpg\",\"width\":428,\"height\":428,\"caption\":\"Ilustraci\u00f3n de una mujer\"},{\"@type\":\"BreadcrumbList\",\"@id\":\"https:\/\/www.documenta.org.mx\/somos-comunidad\/cambiemos-narrativas\/2020\/mujeres-con-discapacidad-en-los-medios\/#breadcrumb\",\"itemListElement\":[{\"@type\":\"ListItem\",\"position\":1,\"name\":\"Inicio\",\"item\":\"https:\/\/www.documenta.org.mx\/somos-comunidad\/\"},{\"@type\":\"ListItem\",\"position\":2,\"name\":\"Cambiemos narrativas\",\"item\":\"https:\/\/www.documenta.org.mx\/somos-comunidad\/categoria\/cambiemos-narrativas\/\"},{\"@type\":\"ListItem\",\"position\":3,\"name\":\"2020\",\"item\":\"https:\/\/www.documenta.org.mx\/somos-comunidad\/categoria\/cambiemos-narrativas\/2020\/\"},{\"@type\":\"ListItem\",\"position\":4,\"name\":\"Mujeres con discapacidad en los medios\"}]},{\"@type\":\"WebSite\",\"@id\":\"https:\/\/www.documenta.org.mx\/somos-comunidad\/#website\",\"url\":\"https:\/\/www.documenta.org.mx\/somos-comunidad\/\",\"name\":\"\u00a1Somos Comunidad!\",\"description\":\"Mujeres con discapacidad\",\"publisher\":{\"@id\":\"https:\/\/www.documenta.org.mx\/somos-comunidad\/#organization\"},\"potentialAction\":[{\"@type\":\"SearchAction\",\"target\":{\"@type\":\"EntryPoint\",\"urlTemplate\":\"https:\/\/www.documenta.org.mx\/somos-comunidad\/?s={search_term_string}\"},\"query-input\":{\"@type\":\"PropertyValueSpecification\",\"valueRequired\":true,\"valueName\":\"search_term_string\"}}],\"inLanguage\":\"es\"},{\"@type\":\"Organization\",\"@id\":\"https:\/\/www.documenta.org.mx\/somos-comunidad\/#organization\",\"name\":\"\u00a1Somos Comunidad!\",\"url\":\"https:\/\/www.documenta.org.mx\/somos-comunidad\/\",\"logo\":{\"@type\":\"ImageObject\",\"inLanguage\":\"es\",\"@id\":\"https:\/\/www.documenta.org.mx\/somos-comunidad\/#\/schema\/logo\/image\/\",\"url\":\"https:\/\/www.documenta.org.mx\/somos-comunidad\/wp-content\/uploads\/2024\/11\/somos-comunidad-logo.png\",\"contentUrl\":\"https:\/\/www.documenta.org.mx\/somos-comunidad\/wp-content\/uploads\/2024\/11\/somos-comunidad-logo.png\",\"width\":500,\"height\":573,\"caption\":\"\u00a1Somos Comunidad!\"},\"image\":{\"@id\":\"https:\/\/www.documenta.org.mx\/somos-comunidad\/#\/schema\/logo\/image\/\"}},{\"@type\":\"Person\",\"@id\":\"https:\/\/www.documenta.org.mx\/somos-comunidad\/#\/schema\/person\/a0ab378fbb5565ef26e3f16eddc36673\",\"name\":\"admin\",\"image\":{\"@type\":\"ImageObject\",\"inLanguage\":\"es\",\"@id\":\"https:\/\/www.documenta.org.mx\/somos-comunidad\/#\/schema\/person\/image\/\",\"url\":\"https:\/\/secure.gravatar.com\/avatar\/d8ab66389a7cf49a790d64395cb0556ab0a59e9afce0c632741f122dd6264e69?s=96&d=mm&r=g\",\"contentUrl\":\"https:\/\/secure.gravatar.com\/avatar\/d8ab66389a7cf49a790d64395cb0556ab0a59e9afce0c632741f122dd6264e69?s=96&d=mm&r=g\",\"caption\":\"admin\"},\"sameAs\":[\"http:\/\/documenta.org.mx\/somos-comunidad\"],\"url\":\"https:\/\/www.documenta.org.mx\/somos-comunidad\/author\/admin\/\"}]}<\/script>\n<!-- \/ Yoast SEO plugin. -->","yoast_head_json":{"title":"Mujeres con discapacidad en los medios - \u00a1Somos Comunidad!","description":"\u00bfTe has preguntado c\u00f3mo est\u00e1 representada esta poblaci\u00f3n ante la opini\u00f3n p\u00fablica? Esto encontramos en nuestro observatorio de medios?","robots":{"index":"index","follow":"follow","max-snippet":"max-snippet:-1","max-image-preview":"max-image-preview:large","max-video-preview":"max-video-preview:-1"},"canonical":"https:\/\/www.documenta.org.mx\/somos-comunidad\/cambiemos-narrativas\/2020\/mujeres-con-discapacidad-en-los-medios\/","og_locale":"es_ES","og_type":"article","og_title":"Mujeres con discapacidad en los medios - \u00a1Somos Comunidad!","og_description":"\u00bfTe has preguntado c\u00f3mo est\u00e1 representada esta poblaci\u00f3n ante la opini\u00f3n p\u00fablica? Esto encontramos en nuestro observatorio de medios?","og_url":"https:\/\/www.documenta.org.mx\/somos-comunidad\/cambiemos-narrativas\/2020\/mujeres-con-discapacidad-en-los-medios\/","og_site_name":"\u00a1Somos Comunidad!","article_published_time":"2020-11-13T14:52:00+00:00","article_modified_time":"2024-11-20T22:11:23+00:00","og_image":[{"width":428,"height":428,"url":"https:\/\/www.documenta.org.mx\/somos-comunidad\/wp-content\/uploads\/2024\/11\/infografia-2020-1.jpg","type":"image\/jpeg"}],"author":"admin","twitter_card":"summary_large_image","twitter_misc":{"Escrito por":"admin","Tiempo de lectura":"2 minutos"},"schema":{"@context":"https:\/\/schema.org","@graph":[{"@type":"Article","@id":"https:\/\/www.documenta.org.mx\/somos-comunidad\/cambiemos-narrativas\/2020\/mujeres-con-discapacidad-en-los-medios\/#article","isPartOf":{"@id":"https:\/\/www.documenta.org.mx\/somos-comunidad\/cambiemos-narrativas\/2020\/mujeres-con-discapacidad-en-los-medios\/"},"author":{"name":"admin","@id":"https:\/\/www.documenta.org.mx\/somos-comunidad\/#\/schema\/person\/a0ab378fbb5565ef26e3f16eddc36673"},"headline":"Mujeres con discapacidad en los medios","datePublished":"2020-11-13T14:52:00+00:00","dateModified":"2024-11-20T22:11:23+00:00","mainEntityOfPage":{"@id":"https:\/\/www.documenta.org.mx\/somos-comunidad\/cambiemos-narrativas\/2020\/mujeres-con-discapacidad-en-los-medios\/"},"wordCount":155,"publisher":{"@id":"https:\/\/www.documenta.org.mx\/somos-comunidad\/#organization"},"image":{"@id":"https:\/\/www.documenta.org.mx\/somos-comunidad\/cambiemos-narrativas\/2020\/mujeres-con-discapacidad-en-los-medios\/#primaryimage"},"thumbnailUrl":"https:\/\/www.documenta.org.mx\/somos-comunidad\/wp-content\/uploads\/2024\/11\/infografia-2020-1.jpg","articleSection":["2020"],"inLanguage":"es"},{"@type":"WebPage","@id":"https:\/\/www.documenta.org.mx\/somos-comunidad\/cambiemos-narrativas\/2020\/mujeres-con-discapacidad-en-los-medios\/","url":"https:\/\/www.documenta.org.mx\/somos-comunidad\/cambiemos-narrativas\/2020\/mujeres-con-discapacidad-en-los-medios\/","name":"Mujeres con discapacidad en los medios - \u00a1Somos Comunidad!","isPartOf":{"@id":"https:\/\/www.documenta.org.mx\/somos-comunidad\/#website"},"primaryImageOfPage":{"@id":"https:\/\/www.documenta.org.mx\/somos-comunidad\/cambiemos-narrativas\/2020\/mujeres-con-discapacidad-en-los-medios\/#primaryimage"},"image":{"@id":"https:\/\/www.documenta.org.mx\/somos-comunidad\/cambiemos-narrativas\/2020\/mujeres-con-discapacidad-en-los-medios\/#primaryimage"},"thumbnailUrl":"https:\/\/www.documenta.org.mx\/somos-comunidad\/wp-content\/uploads\/2024\/11\/infografia-2020-1.jpg","datePublished":"2020-11-13T14:52:00+00:00","dateModified":"2024-11-20T22:11:23+00:00","description":"\u00bfTe has preguntado c\u00f3mo est\u00e1 representada esta poblaci\u00f3n ante la opini\u00f3n p\u00fablica? Esto encontramos en nuestro observatorio de medios?","breadcrumb":{"@id":"https:\/\/www.documenta.org.mx\/somos-comunidad\/cambiemos-narrativas\/2020\/mujeres-con-discapacidad-en-los-medios\/#breadcrumb"},"inLanguage":"es","potentialAction":[{"@type":"ReadAction","target":["https:\/\/www.documenta.org.mx\/somos-comunidad\/cambiemos-narrativas\/2020\/mujeres-con-discapacidad-en-los-medios\/"]}]},{"@type":"ImageObject","inLanguage":"es","@id":"https:\/\/www.documenta.org.mx\/somos-comunidad\/cambiemos-narrativas\/2020\/mujeres-con-discapacidad-en-los-medios\/#primaryimage","url":"https:\/\/www.documenta.org.mx\/somos-comunidad\/wp-content\/uploads\/2024\/11\/infografia-2020-1.jpg","contentUrl":"https:\/\/www.documenta.org.mx\/somos-comunidad\/wp-content\/uploads\/2024\/11\/infografia-2020-1.jpg","width":428,"height":428,"caption":"Ilustraci\u00f3n de una mujer"},{"@type":"BreadcrumbList","@id":"https:\/\/www.documenta.org.mx\/somos-comunidad\/cambiemos-narrativas\/2020\/mujeres-con-discapacidad-en-los-medios\/#breadcrumb","itemListElement":[{"@type":"ListItem","position":1,"name":"Inicio","item":"https:\/\/www.documenta.org.mx\/somos-comunidad\/"},{"@type":"ListItem","position":2,"name":"Cambiemos narrativas","item":"https:\/\/www.documenta.org.mx\/somos-comunidad\/categoria\/cambiemos-narrativas\/"},{"@type":"ListItem","position":3,"name":"2020","item":"https:\/\/www.documenta.org.mx\/somos-comunidad\/categoria\/cambiemos-narrativas\/2020\/"},{"@type":"ListItem","position":4,"name":"Mujeres con discapacidad en los medios"}]},{"@type":"WebSite","@id":"https:\/\/www.documenta.org.mx\/somos-comunidad\/#website","url":"https:\/\/www.documenta.org.mx\/somos-comunidad\/","name":"\u00a1Somos Comunidad!","description":"Mujeres con discapacidad","publisher":{"@id":"https:\/\/www.documenta.org.mx\/somos-comunidad\/#organization"},"potentialAction":[{"@type":"SearchAction","target":{"@type":"EntryPoint","urlTemplate":"https:\/\/www.documenta.org.mx\/somos-comunidad\/?s={search_term_string}"},"query-input":{"@type":"PropertyValueSpecification","valueRequired":true,"valueName":"search_term_string"}}],"inLanguage":"es"},{"@type":"Organization","@id":"https:\/\/www.documenta.org.mx\/somos-comunidad\/#organization","name":"\u00a1Somos Comunidad!","url":"https:\/\/www.documenta.org.mx\/somos-comunidad\/","logo":{"@type":"ImageObject","inLanguage":"es","@id":"https:\/\/www.documenta.org.mx\/somos-comunidad\/#\/schema\/logo\/image\/","url":"https:\/\/www.documenta.org.mx\/somos-comunidad\/wp-content\/uploads\/2024\/11\/somos-comunidad-logo.png","contentUrl":"https:\/\/www.documenta.org.mx\/somos-comunidad\/wp-content\/uploads\/2024\/11\/somos-comunidad-logo.png","width":500,"height":573,"caption":"\u00a1Somos Comunidad!"},"image":{"@id":"https:\/\/www.documenta.org.mx\/somos-comunidad\/#\/schema\/logo\/image\/"}},{"@type":"Person","@id":"https:\/\/www.documenta.org.mx\/somos-comunidad\/#\/schema\/person\/a0ab378fbb5565ef26e3f16eddc36673","name":"admin","image":{"@type":"ImageObject","inLanguage":"es","@id":"https:\/\/www.documenta.org.mx\/somos-comunidad\/#\/schema\/person\/image\/","url":"https:\/\/secure.gravatar.com\/avatar\/d8ab66389a7cf49a790d64395cb0556ab0a59e9afce0c632741f122dd6264e69?s=96&d=mm&r=g","contentUrl":"https:\/\/secure.gravatar.com\/avatar\/d8ab66389a7cf49a790d64395cb0556ab0a59e9afce0c632741f122dd6264e69?s=96&d=mm&r=g","caption":"admin"},"sameAs":["http:\/\/documenta.org.mx\/somos-comunidad"],"url":"https:\/\/www.documenta.org.mx\/somos-comunidad\/author\/admin\/"}]}},"uagb_featured_image_src":{"full":["https:\/\/www.documenta.org.mx\/somos-comunidad\/wp-content\/uploads\/2024\/11\/infografia-2020-1.jpg",428,428,false],"thumbnail":["https:\/\/www.documenta.org.mx\/somos-comunidad\/wp-content\/uploads\/2024\/11\/infografia-2020-1-150x150.jpg",150,150,true],"medium":["https:\/\/www.documenta.org.mx\/somos-comunidad\/wp-content\/uploads\/2024\/11\/infografia-2020-1-300x300.jpg",300,300,true],"medium_large":["https:\/\/www.documenta.org.mx\/somos-comunidad\/wp-content\/uploads\/2024\/11\/infografia-2020-1.jpg",428,428,false],"large":["https:\/\/www.documenta.org.mx\/somos-comunidad\/wp-content\/uploads\/2024\/11\/infografia-2020-1.jpg",428,428,false],"1536x1536":["https:\/\/www.documenta.org.mx\/somos-comunidad\/wp-content\/uploads\/2024\/11\/infografia-2020-1.jpg",428,428,false],"2048x2048":["https:\/\/www.documenta.org.mx\/somos-comunidad\/wp-content\/uploads\/2024\/11\/infografia-2020-1.jpg",428,428,false],"post-thumbnail":["https:\/\/www.documenta.org.mx\/somos-comunidad\/wp-content\/uploads\/2024\/11\/infografia-2020-1.jpg",428,428,false]},"uagb_author_info":{"display_name":"admin","author_link":"https:\/\/www.documenta.org.mx\/somos-comunidad\/author\/admin\/"},"uagb_comment_info":0,"uagb_excerpt":"\u00bfTe has preguntado c\u00f3mo est\u00e1 representada esta poblaci\u00f3n ante la opini\u00f3n p\u00fablica? Esto encontramos en nuestro observatorio de medios?","_links":{"self":[{"href":"https:\/\/www.documenta.org.mx\/somos-comunidad\/wp-json\/wp\/v2\/posts\/260","targetHints":{"allow":["GET"]}}],"collection":[{"href":"https:\/\/www.documenta.org.mx\/somos-comunidad\/wp-json\/wp\/v2\/posts"}],"about":[{"href":"https:\/\/www.documenta.org.mx\/somos-comunidad\/wp-json\/wp\/v2\/types\/post"}],"author":[{"embeddable":true,"href":"https:\/\/www.documenta.org.mx\/somos-comunidad\/wp-json\/wp\/v2\/users\/1"}],"replies":[{"embeddable":true,"href":"https:\/\/www.documenta.org.mx\/somos-comunidad\/wp-json\/wp\/v2\/comments?post=260"}],"version-history":[{"count":10,"href":"https:\/\/www.documenta.org.mx\/somos-comunidad\/wp-json\/wp\/v2\/posts\/260\/revisions"}],"predecessor-version":[{"id":558,"href":"https:\/\/www.documenta.org.mx\/somos-comunidad\/wp-json\/wp\/v2\/posts\/260\/revisions\/558"}],"wp:featuredmedia":[{"embeddable":true,"href":"https:\/\/www.documenta.org.mx\/somos-comunidad\/wp-json\/wp\/v2\/media\/265"}],"wp:attachment":[{"href":"https:\/\/www.documenta.org.mx\/somos-comunidad\/wp-json\/wp\/v2\/media?parent=260"}],"wp:term":[{"taxonomy":"category","embeddable":true,"href":"https:\/\/www.documenta.org.mx\/somos-comunidad\/wp-json\/wp\/v2\/categories?post=260"},{"taxonomy":"post_tag","embeddable":true,"href":"https:\/\/www.documenta.org.mx\/somos-comunidad\/wp-json\/wp\/v2\/tags?post=260"}],"curies":[{"name":"wp","href":"https:\/\/api.w.org\/{rel}","templated":true}]}}